{"id":182033,"date":"2020-08-04T14:06:11","date_gmt":"2020-08-04T17:06:11","guid":{"rendered":"https:\/\/www.caririemacao.com\/1\/?p=182033"},"modified":"2020-08-04T14:06:11","modified_gmt":"2020-08-04T17:06:11","slug":"reino-unido-corre-risco-de-segunda-onda-de-covid-19-duas-vezes-maior","status":"publish","type":"post","link":"https:\/\/www.caririemacao.com\/1\/2020\/08\/04\/reino-unido-corre-risco-de-segunda-onda-de-covid-19-duas-vezes-maior\/","title":{"rendered":"Reino Unido corre risco de segunda onda de covid-19 duas vezes maior"},"content":{"rendered":"\n<h2 class=\"wp-block-heading\"><\/h2>\n\n\n\n<p>O Reino Unido&nbsp;ter\u00e1 uma&nbsp;segunda&nbsp;onda de covid-19 no pr\u00f3ximo inverno do Hemisf\u00e9rio Norte duas vezes mais ampla do que o surto inicial se reabrir as escolas sem um sistema mais eficiente de testes e rastreamentos, segundo um estudo publicado hoje (4).<img decoding=\"async\" data-src=\"https:\/\/agenciabrasil.ebc.com.br\/ebc.png?id=1312926&amp;o=node\" src=\"data:image\/svg+xml;base64,PHN2ZyB3aWR0aD0iMSIgaGVpZ2h0PSIxIiB4bWxucz0iaHR0cDovL3d3dy53My5vcmcvMjAwMC9zdmciPjwvc3ZnPg==\" class=\"lazyload\"><img decoding=\"async\" data-src=\"https:\/\/agenciabrasil.ebc.com.br\/ebc.gif?id=1312926&amp;o=node\" src=\"data:image\/svg+xml;base64,PHN2ZyB3aWR0aD0iMSIgaGVpZ2h0PSIxIiB4bWxucz0iaHR0cDovL3d3dy53My5vcmcvMjAwMC9zdmciPjwvc3ZnPg==\" class=\"lazyload\"><\/p>\n\n\n\n<p>Pesquisadores do University College e da Escola de Higiene e Medicina Tropical de Londres modelaram o potencial impacto de dissemina\u00e7\u00e3o do coronav\u00edrus se as escolas forem reabertas, em per\u00edodo integral ou meio-per\u00edodo, permitindo que os pais voltem ao trabalho.<\/p>\n\n\n\n<p>Conclu\u00edram que a&nbsp;segunda&nbsp;onda pode ser evitada se 75% das pessoas com sintomas forem identificadas e testadas e 68% de seus contatos forem rastreados, ou se 87% das pessoas com sintomas forem identificadas, e 40% dos contatos, testados.<\/p>\n\n\n\n<p>\u201cNo entanto, tamb\u00e9m prevemos que, na aus\u00eancia de uma cobertura suficientemente ampla para testagem-rastreamento-isolamento, a reabertura das escolas acompanhada da reabertura da sociedade em todos os cen\u00e1rios pode induzir uma&nbsp;segunda&nbsp;onda de covid-19\u201d, afirmou o estudo, publicado no jornal cient\u00edfico&nbsp;<em>The Lancet Child and Adolescent Health<\/em>.<\/p>\n\n\n\n<p>\u201cOs resultados de nosso modelo sugerem que a completa reabertura das escolas em setembro de 2020, sem uma estrat\u00e9gia eficiente de testagem-rastreamento-isolamento resultaria em uma taxa R acima de 1 (em que uma pessoa infectada transmite o v\u00edrus para pelo menos mais uma pessoa) e em uma&nbsp;segunda&nbsp;onda de infec\u00e7\u00f5es que chegaria ao pico em dezembro de 2020 e seria 2 ou 2,3 vezes maior do que a onda original de covid-19.\u201d<\/p>\n\n\n\n<p>A autora principal do estudo, Jasmina Panovska-Griffiths, disse que o sistema de testagem e rastreamento da Inglaterra estava chegando atualmente a apenas 50% dos contatos das pessoas que testaram positivo.<\/p>\n\n\n\n<p>Panovska-Griffiths, professora de modelagem matem\u00e1tica na University College de Londres, disse \u00e0 r\u00e1dio BBC que os piores cen\u00e1rios ainda podem ser evitados.<\/p>\n\n\n\n<p>\u201cO importante do que descobrimos \u00e9 que \u00e9 poss\u00edvel evitar uma&nbsp;segunda&nbsp;onda da epidemia se um determinado n\u00famero de pessoas com infec\u00e7\u00f5es sintom\u00e1ticas for diagnosticada. Seus contatos podem ser rastreados e efetivamente isolados\u201d, disse.<\/p>\n\n\n\n<p>\u201cSomos o primeiro estudo que quantificou isso, o quanto isso precisa ser feito no Reino Unido.\u201d<\/p>\n\n\n\n<p>Escolas no Reino Unido fecharam em mar\u00e7o, durante a quarentena nacional, exceto para crian\u00e7as de trabalhadores essenciais, e reabriram para um pequeno n\u00famero de alunos em junho.<\/p>\n\n\n\n<p>No entanto, o governo diz que todos os alunos voltar\u00e3o \u00e0s escolas ao redor do Reino Unido at\u00e9 o come\u00e7o&nbsp;de setembro, com o primeiro-ministro Boris Johnson dizendo que essa \u00e9 uma prioridade do pa\u00eds.<\/p>\n\n\n\n<p>\u201cEu acho que todos aceitamos que o teste e rastreamento \u00e9 um programa que precisa continuar a melhorar. H\u00e1 total humildade do governo em rela\u00e7\u00e3o a isso\u201d, disse o ministro j\u00fanior de governos locais Simon Clarke, \u00e0 r\u00e1dio BBC.<\/p>\n","protected":false},"excerpt":{"rendered":"<p>O Reino Unido&nbsp;ter\u00e1 uma&nbsp;segunda&nbsp;onda de covid-19 no pr\u00f3ximo inverno do Hemisf\u00e9rio Norte duas vezes mais ampla do que o surto inicial se reabrir as escolas&hellip; <\/p>\n","protected":false},"author":2,"featured_media":182034,"comment_status":"closed","ping_status":"closed","sticky":false,"template":"","format":"standard","meta":{"sfsi_plus_gutenberg_text_before_share":"","sfsi_plus_gutenberg_show_text_before_share":"","sfsi_plus_gutenberg_icon_type":"","sfsi_plus_gutenberg_icon_alignemt":"","sfsi_plus_gutenburg_max_per_row":"","footnotes":""},"categories":[2],"tags":[],"class_list":["post-182033","post","type-post","status-publish","format-standard","has-post-thumbnail","hentry","category-geral"],"_links":{"self":[{"href":"https:\/\/www.caririemacao.com\/1\/wp-json\/wp\/v2\/posts\/182033","targetHints":{"allow":["GET"]}}],"collection":[{"href":"https:\/\/www.caririemacao.com\/1\/wp-json\/wp\/v2\/posts"}],"about":[{"href":"https:\/\/www.caririemacao.com\/1\/wp-json\/wp\/v2\/types\/post"}],"author":[{"embeddable":true,"href":"https:\/\/www.caririemacao.com\/1\/wp-json\/wp\/v2\/users\/2"}],"replies":[{"embeddable":true,"href":"https:\/\/www.caririemacao.com\/1\/wp-json\/wp\/v2\/comments?post=182033"}],"version-history":[{"count":1,"href":"https:\/\/www.caririemacao.com\/1\/wp-json\/wp\/v2\/posts\/182033\/revisions"}],"predecessor-version":[{"id":182035,"href":"https:\/\/www.caririemacao.com\/1\/wp-json\/wp\/v2\/posts\/182033\/revisions\/182035"}],"wp:featuredmedia":[{"embeddable":true,"href":"https:\/\/www.caririemacao.com\/1\/wp-json\/wp\/v2\/media\/182034"}],"wp:attachment":[{"href":"https:\/\/www.caririemacao.com\/1\/wp-json\/wp\/v2\/media?parent=182033"}],"wp:term":[{"taxonomy":"category","embeddable":true,"href":"https:\/\/www.caririemacao.com\/1\/wp-json\/wp\/v2\/categories?post=182033"},{"taxonomy":"post_tag","embeddable":true,"href":"https:\/\/www.caririemacao.com\/1\/wp-json\/wp\/v2\/tags?post=182033"}],"curies":[{"name":"wp","href":"https:\/\/api.w.org\/{rel}","templated":true}]}}