{"id":182037,"date":"2020-08-04T14:13:44","date_gmt":"2020-08-04T17:13:44","guid":{"rendered":"https:\/\/www.caririemacao.com\/1\/?p=182037"},"modified":"2020-08-04T14:13:44","modified_gmt":"2020-08-04T17:13:44","slug":"grande-explosao-atinge-area-portuaria-de-beirute-governo-cita-alto-numero-de-feridos","status":"publish","type":"post","link":"https:\/\/www.caririemacao.com\/1\/2020\/08\/04\/grande-explosao-atinge-area-portuaria-de-beirute-governo-cita-alto-numero-de-feridos\/","title":{"rendered":"Grande explos\u00e3o atinge \u00e1rea portu\u00e1ria de Beirute; governo cita &#8216;alto n\u00famero de feridos&#8217;"},"content":{"rendered":"\n<p>Uma explos\u00e3o aconteceu numa regi\u00e3o portu\u00e1ria de Beirute, no\u00a0<a rel=\"noreferrer noopener\" href=\"https:\/\/g1.globo.com\/tudo-sobre\/libano\/\" target=\"_blank\">L\u00edbano<\/a>, nesta ter\u00e7a-feira (4) , informam redes de TV locais e testemunhas do incidente em redes sociais. Imagens postadas no Twitter mostram uma grande coluna de fuma\u00e7a sobre a cidade.<\/p>\n\n\n\n<p>H\u00e1 ao menos dez mortos, informou a ag\u00eancia Reuters, que ouviu fontes m\u00e9dicas e de seguran\u00e7a do pa\u00eds.<\/p>\n\n\n\n<p>Ainda n\u00e3o h\u00e1 detalhes sobre a quantidade de feridos ou qual seria a causa da explos\u00e3o. Apesar de o pa\u00eds j\u00e1 ter sido alvo de terroristas e viver per\u00edodo de instabilidade pol\u00edtica,\u00a0n\u00e3o h\u00e1 evid\u00eancia ainda de que se trate de um atentado terrorista.<\/p>\n\n\n\n<p>A explos\u00e3o causou destrui\u00e7\u00e3o em larga escala e quebrou janelas a quil\u00f4metros de dist\u00e2ncia.<img decoding=\"async\" data-src=\"https:\/\/s04-video-glbimg-com.cdn.ampproject.org\/i\/s\/s04.video.glbimg.com\/640x360\/8750063.jpg\" src=\"data:image\/svg+xml;base64,PHN2ZyB3aWR0aD0iMSIgaGVpZ2h0PSIxIiB4bWxucz0iaHR0cDovL3d3dy53My5vcmcvMjAwMC9zdmciPjwvc3ZnPg==\" class=\"lazyload\"><\/p>\n\n\n\n<p>Um fot\u00f3grafo da ag\u00eancia Associated Press perto do porto de Beirute viu\u00a0pessoas feridas no ch\u00e3o\u00a0e uma destrui\u00e7\u00e3o generalizada no local.<\/p>\n\n\n\n<p>Algumas emissoras de TV locais afirmam que a explos\u00e3o ocorreu no porto de Beirute, dentro de uma \u00e1rea onde fogos de artif\u00edcio eram armazenados.<\/p>\n\n\n\n<p>Hamad Hasan, o ministro da Sa\u00fade, afirmou a uma rede de TV que h\u00e1 um &#8220;alto n\u00famero de feridos&#8221; e que os danos s\u00e3o grandes.<\/p>\n\n\n\n<h2 class=\"wp-block-heading\">Veredito de julgamento<\/h2>\n\n\n\n<p>O L\u00edbano vive um per\u00edodo de instabilidade pol\u00edtica. No fim do ano passado, o primeiro-ministro Saad Al-Hariri renunciou. O pa\u00eds viveu um per\u00edodo com um v\u00e1cuo de poder, at\u00e9 que Hassan Diab assumiu e anunciou a forma\u00e7\u00e3o de um novo governo em janeiro. O gabinete foi anunciado em meio a uma s\u00e9rie de protestos que derrubaram.<\/p>\n\n\n\n<p>Nesta sexta-feira (7), um tribunal apoiado pela ONU deve divulgar seu veredito no julgamento contra quatro homens acusados de terem participado do assassinato do ex-primeiro-ministro liban\u00eas Rafic Hariri em 2005, uma etapa fundamental em um longo processo no qual os suspeitos continuam em liberdade.<\/p>\n\n\n\n<p>Os r\u00e9us, todos membros do movimento xiita do Hezbollah, est\u00e3o sendo julgados \u00e0 revelia pelo Tribunal Especial do L\u00edbano (TSL), com sede em Haia, encarregado de ditar a senten\u00e7a 15 anos ap\u00f3s o atentado com um carro-bomba no centro de Beirute. Nele, morreram o bilion\u00e1rio sunita e outras 21 pessoas.<\/p>\n\n\n\n<p>O assassinato de Hariri, pelo qual quatro generais libaneses foram inicialmente acusados, desencadeou uma onda de protestos que for\u00e7ou a retirada das tropas s\u00edrias do pa\u00eds, ap\u00f3s uma presen\u00e7a de 30 anos no pa\u00eds.<\/p>\n\n\n\n<figure class=\"wp-block-image\"><img decoding=\"async\" data-src=\"https:\/\/s2-glbimg-com.cdn.ampproject.org\/i\/s\/s2.glbimg.com\/IxDzXHcXLS0P_O9fVroERTPDWn8=\/0x0:1280x960\/600x0\/smart\/filters:gifv():strip_icc()\/i.s3.glbimg.com\/v1\/AUTH_59edd422c0c84a879bd37670ae4f538a\/internal_photos\/bs\/2020\/G\/v\/zCXTNlSWCPexBdXL5d8g\/2020-08-04t160812z-1829449354-rc237i9li75l-rtrmadp-3-lebanon-security-blast.jpg\" alt=\"Bombeiros jogam \u00e1gua em um inc\u00eandio ap\u00f3s explos\u00e3o em Beirute, no L\u00edbano \u2014 Foto: Mohamed Azakir\/Reuters\" src=\"data:image\/svg+xml;base64,PHN2ZyB3aWR0aD0iMSIgaGVpZ2h0PSIxIiB4bWxucz0iaHR0cDovL3d3dy53My5vcmcvMjAwMC9zdmciPjwvc3ZnPg==\" class=\"lazyload\" \/><figcaption>Bombeiros jogam \u00e1gua em um inc\u00eandio ap\u00f3s explos\u00e3o em Beirute, no L\u00edbano \u2014 Foto: Mohamed Azakir\/Reuters<\/figcaption><\/figure>\n\n\n\n<p>Em mar\u00e7o deste ano, o pa\u00eds deu um calote em seus credores. O L\u00edbano deveria reembolsar US$ 1,2 bilh\u00e3o em t\u00edtulos do Tesouro, dos quais uma parte significativa est\u00e1 nas m\u00e3os dos bancos e do Banco Central, e decidiu n\u00e3o fazer isso.<\/p>\n","protected":false},"excerpt":{"rendered":"<p>Uma explos\u00e3o aconteceu numa regi\u00e3o portu\u00e1ria de Beirute, no\u00a0L\u00edbano, nesta ter\u00e7a-feira (4) , informam redes de TV locais e testemunhas do incidente em redes sociais.&hellip; <\/p>\n","protected":false},"author":2,"featured_media":182039,"comment_status":"closed","ping_status":"closed","sticky":false,"template":"","format":"standard","meta":{"sfsi_plus_gutenberg_text_before_share":"","sfsi_plus_gutenberg_show_text_before_share":"","sfsi_plus_gutenberg_icon_type":"","sfsi_plus_gutenberg_icon_alignemt":"","sfsi_plus_gutenburg_max_per_row":"","footnotes":""},"categories":[50,2],"tags":[],"class_list":["post-182037","post","type-post","status-publish","format-standard","has-post-thumbnail","hentry","category-destaque","category-geral"],"_links":{"self":[{"href":"https:\/\/www.caririemacao.com\/1\/wp-json\/wp\/v2\/posts\/182037","targetHints":{"allow":["GET"]}}],"collection":[{"href":"https:\/\/www.caririemacao.com\/1\/wp-json\/wp\/v2\/posts"}],"about":[{"href":"https:\/\/www.caririemacao.com\/1\/wp-json\/wp\/v2\/types\/post"}],"author":[{"embeddable":true,"href":"https:\/\/www.caririemacao.com\/1\/wp-json\/wp\/v2\/users\/2"}],"replies":[{"embeddable":true,"href":"https:\/\/www.caririemacao.com\/1\/wp-json\/wp\/v2\/comments?post=182037"}],"version-history":[{"count":1,"href":"https:\/\/www.caririemacao.com\/1\/wp-json\/wp\/v2\/posts\/182037\/revisions"}],"predecessor-version":[{"id":182040,"href":"https:\/\/www.caririemacao.com\/1\/wp-json\/wp\/v2\/posts\/182037\/revisions\/182040"}],"wp:featuredmedia":[{"embeddable":true,"href":"https:\/\/www.caririemacao.com\/1\/wp-json\/wp\/v2\/media\/182039"}],"wp:attachment":[{"href":"https:\/\/www.caririemacao.com\/1\/wp-json\/wp\/v2\/media?parent=182037"}],"wp:term":[{"taxonomy":"category","embeddable":true,"href":"https:\/\/www.caririemacao.com\/1\/wp-json\/wp\/v2\/categories?post=182037"},{"taxonomy":"post_tag","embeddable":true,"href":"https:\/\/www.caririemacao.com\/1\/wp-json\/wp\/v2\/tags?post=182037"}],"curies":[{"name":"wp","href":"https:\/\/api.w.org\/{rel}","templated":true}]}}