{"id":182041,"date":"2020-08-04T14:45:45","date_gmt":"2020-08-04T17:45:45","guid":{"rendered":"https:\/\/www.caririemacao.com\/1\/?p=182041"},"modified":"2020-08-04T14:45:45","modified_gmt":"2020-08-04T17:45:45","slug":"monteiro-caps-i-realiza-entrega-de-kits-para-atividades-terapeuticas-dos-usuarios","status":"publish","type":"post","link":"https:\/\/www.caririemacao.com\/1\/2020\/08\/04\/monteiro-caps-i-realiza-entrega-de-kits-para-atividades-terapeuticas-dos-usuarios\/","title":{"rendered":"Monteiro: CAPS I realiza entrega de kits para atividades terap\u00eauticas dos usu\u00e1rios"},"content":{"rendered":"\n<p>O CAPS I de Monteiro n\u00e3o parou suas atividades, e mesmo diante da pandemia a equipe desenvolveu atividades para continuar auxiliando no tratamento dos usu\u00e1rios.<\/p>\n\n\n\n<p>Algumas das estrat\u00e9gias adotadas pela equipe foi a elabora\u00e7\u00e3o de atividades atrav\u00e9s de v\u00eddeos, como tamb\u00e9m a entrega de kits para dar continuidade as atividades terap\u00eauticas em casa.<\/p>\n\n\n\n<p>Todos os profissionais est\u00e3o envolvidos nesse &#8220;Novo Normal&#8221;, com o objetivo de dar continuidade ao tratamento dos nossos queridos usu\u00e1rios, informa a diretora Kalline Torres. \u201cRefor\u00e7amos ainda que o CAPS I continua de portas abertas com atendimento terap\u00eautico individual, atendimento m\u00e9dico, social, entrega de medica\u00e7\u00e3o e com a equipe de enfermagem a disposi\u00e7\u00e3o\u201d, pontuou.<\/p>\n\n\n\n<p><strong>Centro de Aten\u00e7\u00e3o Psicossocial (CAPS)<\/strong><br>Os Centros de Aten\u00e7\u00e3o Psicossocial (CAPS) nas suas diferentes modalidades s\u00e3o pontos de aten\u00e7\u00e3o estrat\u00e9gicos da RAPS: servi\u00e7os de sa\u00fade de car\u00e1ter aberto e comunit\u00e1rio constitu\u00eddo por equipe multiprofissional e que atua sobre a \u00f3tica interdisciplinar e realiza prioritariamente atendimento \u00e0s pessoas com sofrimento ou transtorno mental, incluindo aquelas com necessidades decorrentes do uso de \u00e1lcool e outras drogas, em sua \u00e1rea territorial, seja em situa\u00e7\u00f5es de crise ou nos processos de reabilita\u00e7\u00e3o psicossocial e s\u00e3o substitutivos ao modelo asilar.<br><br>CAPS I:&nbsp;&nbsp;Atendimento a todas as faixas et\u00e1rias, para transtornos mentais graves e persistentes, inclusive pelo uso de subst\u00e2ncias psicoativas.&nbsp;<\/p>\n","protected":false},"excerpt":{"rendered":"<p>O CAPS I de Monteiro n\u00e3o parou suas atividades, e mesmo diante da pandemia a equipe desenvolveu atividades para continuar auxiliando no tratamento dos usu\u00e1rios.&hellip; <\/p>\n","protected":false},"author":1,"featured_media":182042,"comment_status":"closed","ping_status":"closed","sticky":false,"template":"","format":"standard","meta":{"sfsi_plus_gutenberg_text_before_share":"","sfsi_plus_gutenberg_show_text_before_share":"","sfsi_plus_gutenberg_icon_type":"","sfsi_plus_gutenberg_icon_alignemt":"","sfsi_plus_gutenburg_max_per_row":"","footnotes":""},"categories":[6],"tags":[],"class_list":["post-182041","post","type-post","status-publish","format-standard","has-post-thumbnail","hentry","category-cidades"],"_links":{"self":[{"href":"https:\/\/www.caririemacao.com\/1\/wp-json\/wp\/v2\/posts\/182041","targetHints":{"allow":["GET"]}}],"collection":[{"href":"https:\/\/www.caririemacao.com\/1\/wp-json\/wp\/v2\/posts"}],"about":[{"href":"https:\/\/www.caririemacao.com\/1\/wp-json\/wp\/v2\/types\/post"}],"author":[{"embeddable":true,"href":"https:\/\/www.caririemacao.com\/1\/wp-json\/wp\/v2\/users\/1"}],"replies":[{"embeddable":true,"href":"https:\/\/www.caririemacao.com\/1\/wp-json\/wp\/v2\/comments?post=182041"}],"version-history":[{"count":1,"href":"https:\/\/www.caririemacao.com\/1\/wp-json\/wp\/v2\/posts\/182041\/revisions"}],"predecessor-version":[{"id":182043,"href":"https:\/\/www.caririemacao.com\/1\/wp-json\/wp\/v2\/posts\/182041\/revisions\/182043"}],"wp:featuredmedia":[{"embeddable":true,"href":"https:\/\/www.caririemacao.com\/1\/wp-json\/wp\/v2\/media\/182042"}],"wp:attachment":[{"href":"https:\/\/www.caririemacao.com\/1\/wp-json\/wp\/v2\/media?parent=182041"}],"wp:term":[{"taxonomy":"category","embeddable":true,"href":"https:\/\/www.caririemacao.com\/1\/wp-json\/wp\/v2\/categories?post=182041"},{"taxonomy":"post_tag","embeddable":true,"href":"https:\/\/www.caririemacao.com\/1\/wp-json\/wp\/v2\/tags?post=182041"}],"curies":[{"name":"wp","href":"https:\/\/api.w.org\/{rel}","templated":true}]}}