{"id":182044,"date":"2020-08-04T14:48:57","date_gmt":"2020-08-04T17:48:57","guid":{"rendered":"https:\/\/www.caririemacao.com\/1\/?p=182044"},"modified":"2020-08-04T14:48:57","modified_gmt":"2020-08-04T17:48:57","slug":"monteiro-prefeita-anna-lorena-entrega-nova-sede-do-conselho-tutelar","status":"publish","type":"post","link":"https:\/\/www.caririemacao.com\/1\/2020\/08\/04\/monteiro-prefeita-anna-lorena-entrega-nova-sede-do-conselho-tutelar\/","title":{"rendered":"Monteiro: Prefeita Anna Lorena entrega nova sede do Conselho Tutelar"},"content":{"rendered":"\n<p>Proteger crian\u00e7as e adolescentes de abusos sofridos, retirando-os de situa\u00e7\u00f5es de vulnerabilidade social e das mais diversas formas de viol\u00eancia e conflitos existentes. \u00c9 com esse objetivo que a Prefeitura de Monteiro realizou nesta ter\u00e7a-feira, 04, a entrega da nova Sede do Conselho Tutelar do Munic\u00edpio.<\/p>\n\n\n\n<p>Com o intuito de cuidar e proteger as crian\u00e7as e adolescentes monteirenses, a prefeita Anna Lorena vem realizando diversas a\u00e7\u00f5es no munic\u00edpio, principalmente neste per\u00edodo de pandemia, atrav\u00e9s da Secretaria de Desenvolvimento Social.<\/p>\n\n\n\n<p>Instala\u00e7\u00f5es modernas, aparelhamento e conforto s\u00e3o as principais marcas deste local que a partir de agora acolhe a equipe de Conselheiros Tutelares e os que tanto precisam de aux\u00edlio, e refor\u00e7a o compromisso da administra\u00e7\u00e3o municipal em contribuir com a assist\u00eancia \u00e0s crian\u00e7as e adolescentes.<\/p>\n\n\n\n<p>O Conselho Tutelar est\u00e1 vinculado administrativamente com a Secretaria de Desenvolvimento Social. Em sua fala, a secret\u00e1ria da pasta, Rosa Aleixo, destacou a parceria forte entre os dois \u00f3rg\u00e3os. \u201cA Secretaria e o Conselho t\u00eam trabalhado junto e isso \u00e9 importante para concretizar a\u00e7\u00f5es. Agora, com este novo pr\u00e9dio, o Conselho poder\u00e1 atender de maneira ainda melhor \u00e0s pessoas que precisarem dele. Agradecemos aqui tamb\u00e9m o empenho da prefeita Anna Lorena que cedeu esse espa\u00e7o e sempre est\u00e1 disposta a nos ajudar\u201d, enfatizou.<\/p>\n\n\n\n<p>J\u00e1 a prefeita Anna Lorena elogiou o desempenho dos servidores da Secretaria Municipal de Desenvolvimento Social, que t\u00eam se empenhado em realizar o projeto idealizado para a transforma\u00e7\u00e3o social monteirense. \u201cSabemos das dificuldades enfrentadas pelos conselheiros no trabalho do dia a dia, reconhecemos os esfor\u00e7os de todos que t\u00eam se empenhado em prol do munic\u00edpio e principalmente das nossas crian\u00e7as e adolescentes\u201d.<\/p>\n\n\n\n<p>&nbsp;\u201cConfio que estamos em uma crescente para cuidar dos nossos jovens e crian\u00e7as. Nosso compromisso \u00e9 de proporcionar sempre o melhor. N\u00e3o iremos parar. Sei que o momento \u00e9 dif\u00edcil e n\u00e3o imagin\u00e1vamos que viver\u00edamos esse per\u00edodo diante a pandemia, mas os servi\u00e7os de prote\u00e7\u00e3o a crian\u00e7as e adolescentes n\u00e3o podem parar. Continuaremos firmes e n\u00e3o mediremos esfor\u00e7os para que possamos assegurar coisas ainda melhores ao Conselho Tutelar\u201d, comentou a gestora logo ap\u00f3s o evento.&nbsp;<\/p>\n","protected":false},"excerpt":{"rendered":"<p>Proteger crian\u00e7as e adolescentes de abusos sofridos, retirando-os de situa\u00e7\u00f5es de vulnerabilidade social e das mais diversas formas de viol\u00eancia e conflitos existentes. \u00c9 com&hellip; <\/p>\n","protected":false},"author":1,"featured_media":182045,"comment_status":"closed","ping_status":"closed","sticky":false,"template":"","format":"standard","meta":{"sfsi_plus_gutenberg_text_before_share":"","sfsi_plus_gutenberg_show_text_before_share":"","sfsi_plus_gutenberg_icon_type":"","sfsi_plus_gutenberg_icon_alignemt":"","sfsi_plus_gutenburg_max_per_row":"","footnotes":""},"categories":[6],"tags":[],"class_list":["post-182044","post","type-post","status-publish","format-standard","has-post-thumbnail","hentry","category-cidades"],"_links":{"self":[{"href":"https:\/\/www.caririemacao.com\/1\/wp-json\/wp\/v2\/posts\/182044","targetHints":{"allow":["GET"]}}],"collection":[{"href":"https:\/\/www.caririemacao.com\/1\/wp-json\/wp\/v2\/posts"}],"about":[{"href":"https:\/\/www.caririemacao.com\/1\/wp-json\/wp\/v2\/types\/post"}],"author":[{"embeddable":true,"href":"https:\/\/www.caririemacao.com\/1\/wp-json\/wp\/v2\/users\/1"}],"replies":[{"embeddable":true,"href":"https:\/\/www.caririemacao.com\/1\/wp-json\/wp\/v2\/comments?post=182044"}],"version-history":[{"count":1,"href":"https:\/\/www.caririemacao.com\/1\/wp-json\/wp\/v2\/posts\/182044\/revisions"}],"predecessor-version":[{"id":182047,"href":"https:\/\/www.caririemacao.com\/1\/wp-json\/wp\/v2\/posts\/182044\/revisions\/182047"}],"wp:featuredmedia":[{"embeddable":true,"href":"https:\/\/www.caririemacao.com\/1\/wp-json\/wp\/v2\/media\/182045"}],"wp:attachment":[{"href":"https:\/\/www.caririemacao.com\/1\/wp-json\/wp\/v2\/media?parent=182044"}],"wp:term":[{"taxonomy":"category","embeddable":true,"href":"https:\/\/www.caririemacao.com\/1\/wp-json\/wp\/v2\/categories?post=182044"},{"taxonomy":"post_tag","embeddable":true,"href":"https:\/\/www.caririemacao.com\/1\/wp-json\/wp\/v2\/tags?post=182044"}],"curies":[{"name":"wp","href":"https:\/\/api.w.org\/{rel}","templated":true}]}}