{"id":182046,"date":"2020-08-04T16:06:10","date_gmt":"2020-08-04T19:06:10","guid":{"rendered":"https:\/\/www.caririemacao.com\/1\/?p=182046"},"modified":"2020-08-04T16:06:10","modified_gmt":"2020-08-04T19:06:10","slug":"homem-que-compartilhou-video-de-mulheres-praticando-ioga-no-rio-presta-depoimento-e-se-diz-arrependido","status":"publish","type":"post","link":"https:\/\/www.caririemacao.com\/1\/2020\/08\/04\/homem-que-compartilhou-video-de-mulheres-praticando-ioga-no-rio-presta-depoimento-e-se-diz-arrependido\/","title":{"rendered":"Homem que compartilhou v\u00eddeo de mulheres praticando ioga no Rio presta depoimento e se diz arrependido"},"content":{"rendered":"\n<p>O empres\u00e1rio que fez uma publica\u00e7\u00e3o na internet com imagens de mulheres praticando ioga na Lagoa Rodrigo de Freitas, na Zona Sul do Rio, chegou na manh\u00e3 desta ter\u00e7a-feira (4) para o depoimento sobre o caso.<\/p>\n\n\n\n<p>O\u00a0<strong>G1<\/strong>\u00a0mostrou a hist\u00f3ria nesta ter\u00e7a-feira (4)\u00a0ap\u00f3s a Pol\u00edcia Civil abrir uma investiga\u00e7\u00e3o. Mariana Maduro e uma amiga praticavam a atividade quando foram filmadas. Um dos homens inclusive simulava estar se masturbando\u00a0enquanto comentava as imagens.<\/p>\n\n\n\n<blockquote class=\"wp-block-quote is-layout-flow wp-block-quote-is-layout-flow\"><p>\u201cEle se mostrou bastante arrependido, assustado com a repercuss\u00e3o, e disse que foi uma infelicidade\u201d, afirmou a delegada Val\u00e9ria Arag\u00e3o (12a DP), titular da delegacia.<\/p><\/blockquote>\n\n\n\n<figure class=\"wp-block-image\"><img decoding=\"async\" data-src=\"https:\/\/s2.glbimg.com\/urFHaLMpMAqAPecF3lUTfT6yzAc=\/0x0:344x352\/984x0\/smart\/filters:strip_icc()\/i.s3.glbimg.com\/v1\/AUTH_59edd422c0c84a879bd37670ae4f538a\/internal_photos\/bs\/2020\/X\/e\/9RqSwHQsmrYdo3X8FVpg\/roriz.jpg\" alt=\"Ricardo Roriz em v\u00eddeo que compartilhou na Lagoa Rodrigo de Freitas \u2014 Foto: Reprodu\u00e7\u00e3o\/Internet\" src=\"data:image\/svg+xml;base64,PHN2ZyB3aWR0aD0iMSIgaGVpZ2h0PSIxIiB4bWxucz0iaHR0cDovL3d3dy53My5vcmcvMjAwMC9zdmciPjwvc3ZnPg==\" class=\"lazyload\" \/><\/figure>\n\n\n\n<p>Ricardo Roriz em v\u00eddeo que compartilhou na Lagoa Rodrigo de Freitas \u2014 Foto: Reprodu\u00e7\u00e3o\/Internet<\/p>\n\n\n\n<figure class=\"wp-block-image\"><img decoding=\"async\" data-src=\"https:\/\/s2.glbimg.com\/anUJPLuo7B-GP988hx0LB3nollo=\/0x0:1280x720\/1008x0\/smart\/filters:strip_icc()\/i.s3.glbimg.com\/v1\/AUTH_59edd422c0c84a879bd37670ae4f538a\/internal_photos\/bs\/2020\/o\/t\/O2MIe0SfSqlDiO9SjJYg\/whatsapp-image-2020-08-04-at-12.03.14.jpeg\" alt=\"Delegada Val\u00e9ria Arag\u00e3o na 12\u00aa DP (Copacabana) \u2014 Foto: Henrique Coelho\/G1\" src=\"data:image\/svg+xml;base64,PHN2ZyB3aWR0aD0iMSIgaGVpZ2h0PSIxIiB4bWxucz0iaHR0cDovL3d3dy53My5vcmcvMjAwMC9zdmciPjwvc3ZnPg==\" class=\"lazyload\" \/><\/figure>\n\n\n\n<p>Delegada Val\u00e9ria Arag\u00e3o na 12\u00aa DP (Copacabana) \u2014 Foto: Henrique Coelho\/G1<\/p>\n\n\n\n<p>A delegada contou ainda que a v\u00edtima ficou muito ofendida pela situa\u00e7\u00e3o e ficou abalada psicologicamente.<\/p>\n\n\n\n<p>\u201cEla se sentiu vulnerabilizada, se sentindo bastante ofendida como mulher, pela exposi\u00e7\u00e3o inadequada do seu corpo. Foi exatamente como o autor, Ricardo Roriz, disse: foi uma infelicidade\u201d.<\/p>\n\n\n\n<p>O empres\u00e1rio Ricardo Roriz, que vai prestar depoimento na delegacia, e um funcion\u00e1rio de uma barraca na Lagoa, conhecido como Cels\u00e3o,&nbsp;<strong>podem responder por inj\u00faria e ato obsceno e perturba\u00e7\u00e3o da tranquilidade<\/strong>.<\/p>\n\n\n\n<p>O advogado de Roriz&nbsp;<strong>prometeu \u00e0 delegada que vai trazer \u201cCels\u00e3o\u201d para depoimento<\/strong>&nbsp;ainda esta semana. Ricardo tem uma loja de artigos militares e tem aproximadamente 300 mil seguidores na rede social em que postou as imagens.<\/p>\n\n\n\n<figure class=\"wp-block-image\"><img decoding=\"async\" data-src=\"https:\/\/s02.video.glbimg.com\/x240\/8750077.jpg\" alt=\"Pol\u00edcia investiga postagem em redes sociais expondo mulheres que praticavam ioga na Lagoa\" title=\"Pol\u00edcia investiga postagem em redes sociais expondo mulheres que praticavam ioga na Lagoa\" src=\"data:image\/svg+xml;base64,PHN2ZyB3aWR0aD0iMSIgaGVpZ2h0PSIxIiB4bWxucz0iaHR0cDovL3d3dy53My5vcmcvMjAwMC9zdmciPjwvc3ZnPg==\" class=\"lazyload\" \/><\/figure>\n\n\n\n<p>Pol\u00edcia investiga postagem em redes sociais expondo mulheres que praticavam ioga na Lagoa<\/p>\n\n\n\n<h2 class=\"wp-block-heading\">OAB-RJ emite nota de rep\u00fadio<\/h2>\n\n\n\n<p>A diretoria de Mulheres da Ordem dos Advogados no Brasil no Rio (OAB-RJ) repudiou o ato praticado pelos dois homens contra a advogada Mariana Maduro. A nota de rep\u00fadio foi divulgada nesta ter\u00e7a-feira (4) pelo \u00f3rg\u00e3o.<\/p>\n\n\n\n<p>\u201c\u00c9 inacredit\u00e1vel que, em pleno ano de 2020, corpos femininos ainda sejam objetificados e sexualizados\u00a0dessa forma, pouco importando para os ofensores as vontades de uma mulher. N\u00e3o h\u00e1 mais espa\u00e7o, em nossa sociedade, para que abusos e opress\u00f5es continuem ocorrendo. Isso porque, atitudes como essa, perpetuam o n\u00e3o reconhecimento da mulher como indiv\u00edduo de direitos\u201d, diz o posicionamento.<\/p>\n\n\n\n<p>A nota foi assinada por tr\u00eas representantes de diferentes setores da OAB-RJ, s\u00e3o elas: a diretora de Mulheres da OAB-RJ, Marisa Gaudio; a presidente da comiss\u00e3o OAB Mulher RJ, Rebeca Servaes e a coordenadora do GT de Enfrentamento \u00e0 Viol\u00eancia de G\u00eanero da OAB Mulher RJ, Bianca Alves.<\/p>\n\n\n\n<p>COM G1<\/p>\n","protected":false},"excerpt":{"rendered":"<p>O empres\u00e1rio que fez uma publica\u00e7\u00e3o na internet com imagens de mulheres praticando ioga na Lagoa Rodrigo de Freitas, na Zona Sul do Rio, chegou&hellip; <\/p>\n","protected":false},"author":1,"featured_media":182056,"comment_status":"closed","ping_status":"closed","sticky":false,"template":"","format":"standard","meta":{"sfsi_plus_gutenberg_text_before_share":"","sfsi_plus_gutenberg_show_text_before_share":"","sfsi_plus_gutenberg_icon_type":"","sfsi_plus_gutenberg_icon_alignemt":"","sfsi_plus_gutenburg_max_per_row":"","footnotes":""},"categories":[2,12],"tags":[],"class_list":["post-182046","post","type-post","status-publish","format-standard","has-post-thumbnail","hentry","category-geral","category-policia"],"_links":{"self":[{"href":"https:\/\/www.caririemacao.com\/1\/wp-json\/wp\/v2\/posts\/182046","targetHints":{"allow":["GET"]}}],"collection":[{"href":"https:\/\/www.caririemacao.com\/1\/wp-json\/wp\/v2\/posts"}],"about":[{"href":"https:\/\/www.caririemacao.com\/1\/wp-json\/wp\/v2\/types\/post"}],"author":[{"embeddable":true,"href":"https:\/\/www.caririemacao.com\/1\/wp-json\/wp\/v2\/users\/1"}],"replies":[{"embeddable":true,"href":"https:\/\/www.caririemacao.com\/1\/wp-json\/wp\/v2\/comments?post=182046"}],"version-history":[{"count":1,"href":"https:\/\/www.caririemacao.com\/1\/wp-json\/wp\/v2\/posts\/182046\/revisions"}],"predecessor-version":[{"id":182057,"href":"https:\/\/www.caririemacao.com\/1\/wp-json\/wp\/v2\/posts\/182046\/revisions\/182057"}],"wp:featuredmedia":[{"embeddable":true,"href":"https:\/\/www.caririemacao.com\/1\/wp-json\/wp\/v2\/media\/182056"}],"wp:attachment":[{"href":"https:\/\/www.caririemacao.com\/1\/wp-json\/wp\/v2\/media?parent=182046"}],"wp:term":[{"taxonomy":"category","embeddable":true,"href":"https:\/\/www.caririemacao.com\/1\/wp-json\/wp\/v2\/categories?post=182046"},{"taxonomy":"post_tag","embeddable":true,"href":"https:\/\/www.caririemacao.com\/1\/wp-json\/wp\/v2\/tags?post=182046"}],"curies":[{"name":"wp","href":"https:\/\/api.w.org\/{rel}","templated":true}]}}