{"id":182048,"date":"2020-08-04T15:32:58","date_gmt":"2020-08-04T18:32:58","guid":{"rendered":"https:\/\/www.caririemacao.com\/1\/?p=182048"},"modified":"2020-08-04T15:32:58","modified_gmt":"2020-08-04T18:32:58","slug":"tragedia-na-br-277-antes-de-morrer-vitima-salvou-namorada-que-estava-presa-embaixo-de-carro-diz-irma","status":"publish","type":"post","link":"https:\/\/www.caririemacao.com\/1\/2020\/08\/04\/tragedia-na-br-277-antes-de-morrer-vitima-salvou-namorada-que-estava-presa-embaixo-de-carro-diz-irma\/","title":{"rendered":"Trag\u00e9dia na BR-277: Antes de morrer, v\u00edtima salvou namorada que estava presa embaixo de carro, diz irm\u00e3"},"content":{"rendered":"\n<p>O entregador Guilherme Henrique Ribas,\u00a0uma das oito v\u00edtimas do acidente na BR-277, em S\u00e3o Jos\u00e9 dos Pinhais, na noite de domingo (2), salvou a namorada que estava presa embaixo de um carro momentos antes de morrer, segundo a irm\u00e3 dele, Drieli Ribas Linhares.<\/p>\n\n\n\n<p>&#8220;Minutos antes dele falecer, ele salvou a namorada dele debaixo de um carro. Ele morreu sendo o nosso her\u00f3i. Ele preferia tirar dele para dar pros outros&#8221;, afirmou a irm\u00e3 dele.<\/p>\n\n\n\n<p>Caroline Garcia, namorada de Guilherme, foi socorrida com fraturas na bacia e nas pernas. Ela est\u00e1 internada em estado est\u00e1vel no Hospital do Trabalhador, em Curitiba.<\/p>\n\n\n\n<p>Segundo a Ecovia, que administra a rodovia no trecho do acidente, e a Pol\u00edcia Rodovi\u00e1ria Federal (PRF),\u00a022 carros se envolveram em v\u00e1rios acidentes no local por causa da falta de visibilidade na regi\u00e3o, causado pela neblina e pela fuma\u00e7a de uma queimada.<\/p>\n\n\n\n<p>Em uma das batidas, um caminh\u00e3o atingiu carros e pessoas que estavam na pista.<\/p>\n\n\n\n<p>Guilherme e Caroline se envolveram em um primeiro acidente no local quando o rapaz dava uma carona para a namorada at\u00e9 a casa dela, em S\u00e3o Jos\u00e9 dos Pinhais.<\/p>\n\n\n\n<figure class=\"wp-block-image\"><img decoding=\"async\" data-src=\"https:\/\/s2.glbimg.com\/w921izyA0fUoXwShXjlNAGvVQf0=\/0x0:540x471\/984x0\/smart\/filters:strip_icc()\/i.s3.glbimg.com\/v1\/AUTH_59edd422c0c84a879bd37670ae4f538a\/internal_photos\/bs\/2020\/R\/3\/wAzv41QeGw99kDAEbvtQ\/guilherme.jpeg\" alt=\"Guilherme estava indo visitar a namorada quando se envolveu no acidente, na BR-277 \u2014 Foto: Arquivo pessoal\" src=\"data:image\/svg+xml;base64,PHN2ZyB3aWR0aD0iMSIgaGVpZ2h0PSIxIiB4bWxucz0iaHR0cDovL3d3dy53My5vcmcvMjAwMC9zdmciPjwvc3ZnPg==\" class=\"lazyload\" \/><\/figure>\n\n\n\n<p>Guilherme estava indo visitar a namorada quando se envolveu no acidente, na BR-277 \u2014 Foto: Arquivo pessoal<\/p>\n\n\n\n<p>Segundo a irm\u00e3 de Guilherme, logo ap\u00f3s socorrer Caroline, ele foi atingido por um dos ve\u00edculos. Ele morreu no local.<\/p>\n\n\n\n<p>&#8220;A fam\u00edlia perdeu a alegria da festa, o mais simp\u00e1tico, extrovertido, com quem n\u00e3o tinha tempo ruim. Era o nosso exemplo, nosso her\u00f3i&#8221;, afirmou a irm\u00e3.<\/p>\n\n\n\n<h2 class=\"wp-block-heading\">Falta de visibilidade<\/h2>\n\n\n\n<figure class=\"wp-block-image\"><img decoding=\"async\" data-src=\"https:\/\/s04.video.glbimg.com\/x240\/8748507.jpg\" alt=\"V\u00eddeo mostra neblina e fuma\u00e7a em trecho da BR-277 no momento do acidente\" title=\"V\u00eddeo mostra neblina e fuma\u00e7a em trecho da BR-277 no momento do acidente\" src=\"data:image\/svg+xml;base64,PHN2ZyB3aWR0aD0iMSIgaGVpZ2h0PSIxIiB4bWxucz0iaHR0cDovL3d3dy53My5vcmcvMjAwMC9zdmciPjwvc3ZnPg==\" class=\"lazyload\" \/><\/figure>\n\n\n\n<p>V\u00eddeo mostra neblina e fuma\u00e7a em trecho da BR-277 no momento do acidente<\/p>\n\n\n\n<p>Imagens gravadas no momento do acidente mostram a falta de visibilidade na rodovia.&nbsp;<strong>Assista ao v\u00eddeo acima<\/strong>.<\/p>\n\n\n\n<p>A Ecovia informou que lamenta o ocorrido e disse que se solidariza com as v\u00edtimas e familiares.<\/p>\n\n\n\n<p>Segundo a concession\u00e1ria, todas as equipes de plant\u00e3o da empresa foram imediatamente mobilizadas no atendimento \u00e0s v\u00edtimas e no apoio \u00e0 PRF, Pol\u00edcia Militar e Corpo de Bombeiros.<\/p>\n\n\n\n<p>O gerente de atendimento ao usu\u00e1rio da empresa, Marcelo Bel\u00e3o, afirmou que\u00a0a concession\u00e1ria iniciava o processo de sinaliza\u00e7\u00e3o da pista\u00a0para que os motoristas reduzissem a velocidade quando as batidas aconteceram.<\/p>\n\n\n\n<h2 class=\"wp-block-heading\">Investiga\u00e7\u00e3o<\/h2>\n\n\n\n<p>O Departamento de Estradas de Rodagem (DER-PR) e a Ag\u00eancia Reguladora de Servi\u00e7os P\u00fablicos Delegados do Paran\u00e1 (Agepar) pediu informa\u00e7\u00f5es \u00e0 Ecovia sobre as causas do acidente.<\/p>\n\n\n\n<p>A Agepar informou que solicitou imagens das c\u00e2meras que registram o fluxo na rodovia e monitora os levantamentos para apurar as causas da s\u00e9rie de colis\u00f5es entre os ve\u00edculos.<\/p>\n\n\n\n<p>A Pol\u00edcia Civil tamb\u00e9m informou que est\u00e1 analisando as condi\u00e7\u00f5es do condutor de caminh\u00e3o e as informa\u00e7\u00f5es do tac\u00f3grafo do ve\u00edculo.<\/p>\n\n\n\n<p>A Sulista, empresa para a qual o motorista do caminh\u00e3o prestava servi\u00e7o, informou que, no momento do acidente, ele iniciava viagem a caminho de S\u00e3o Paulo, ap\u00f3s um final de semana de descanso com a fam\u00edlia.<\/p>\n\n\n\n<p>Logo ap\u00f3s o ocorrido, uma equipe da empresa se deslocou ao local para prestar assist\u00eancia ao motorista.<\/p>\n\n\n\n<p>&#8220;A empresa lamenta a fatalidade ocorrida, se solidariza com as v\u00edtimas e se coloca \u00e0 disposi\u00e7\u00e3o das autoridades competentes para fornecer as informa\u00e7\u00f5es necess\u00e1rias \u00e0 investiga\u00e7\u00e3o e conclus\u00e3o dos motivos que originaram esse grav\u00edssimo acidente&#8221;, informou em nota.<\/p>\n\n\n\n<p>COM G1<\/p>\n","protected":false},"excerpt":{"rendered":"<p>O entregador Guilherme Henrique Ribas,\u00a0uma das oito v\u00edtimas do acidente na BR-277, em S\u00e3o Jos\u00e9 dos Pinhais, na noite de domingo (2), salvou a namorada&hellip; <\/p>\n","protected":false},"author":1,"featured_media":182051,"comment_status":"closed","ping_status":"closed","sticky":false,"template":"","format":"standard","meta":{"sfsi_plus_gutenberg_text_before_share":"","sfsi_plus_gutenberg_show_text_before_share":"","sfsi_plus_gutenberg_icon_type":"","sfsi_plus_gutenberg_icon_alignemt":"","sfsi_plus_gutenburg_max_per_row":"","footnotes":""},"categories":[2,12],"tags":[],"class_list":["post-182048","post","type-post","status-publish","format-standard","has-post-thumbnail","hentry","category-geral","category-policia"],"_links":{"self":[{"href":"https:\/\/www.caririemacao.com\/1\/wp-json\/wp\/v2\/posts\/182048","targetHints":{"allow":["GET"]}}],"collection":[{"href":"https:\/\/www.caririemacao.com\/1\/wp-json\/wp\/v2\/posts"}],"about":[{"href":"https:\/\/www.caririemacao.com\/1\/wp-json\/wp\/v2\/types\/post"}],"author":[{"embeddable":true,"href":"https:\/\/www.caririemacao.com\/1\/wp-json\/wp\/v2\/users\/1"}],"replies":[{"embeddable":true,"href":"https:\/\/www.caririemacao.com\/1\/wp-json\/wp\/v2\/comments?post=182048"}],"version-history":[{"count":1,"href":"https:\/\/www.caririemacao.com\/1\/wp-json\/wp\/v2\/posts\/182048\/revisions"}],"predecessor-version":[{"id":182052,"href":"https:\/\/www.caririemacao.com\/1\/wp-json\/wp\/v2\/posts\/182048\/revisions\/182052"}],"wp:featuredmedia":[{"embeddable":true,"href":"https:\/\/www.caririemacao.com\/1\/wp-json\/wp\/v2\/media\/182051"}],"wp:attachment":[{"href":"https:\/\/www.caririemacao.com\/1\/wp-json\/wp\/v2\/media?parent=182048"}],"wp:term":[{"taxonomy":"category","embeddable":true,"href":"https:\/\/www.caririemacao.com\/1\/wp-json\/wp\/v2\/categories?post=182048"},{"taxonomy":"post_tag","embeddable":true,"href":"https:\/\/www.caririemacao.com\/1\/wp-json\/wp\/v2\/tags?post=182048"}],"curies":[{"name":"wp","href":"https:\/\/api.w.org\/{rel}","templated":true}]}}