{"id":182058,"date":"2020-08-04T16:09:44","date_gmt":"2020-08-04T19:09:44","guid":{"rendered":"https:\/\/www.caririemacao.com\/1\/?p=182058"},"modified":"2020-08-04T16:09:44","modified_gmt":"2020-08-04T19:09:44","slug":"recem-nascida-morre-queimada-apos-incendio-em-casa-em-mt-adolescente-conseguiu-salvar-outros-6-irmaos","status":"publish","type":"post","link":"https:\/\/www.caririemacao.com\/1\/2020\/08\/04\/recem-nascida-morre-queimada-apos-incendio-em-casa-em-mt-adolescente-conseguiu-salvar-outros-6-irmaos\/","title":{"rendered":"Rec\u00e9m-nascida morre queimada ap\u00f3s inc\u00eandio em casa em MT; adolescente conseguiu salvar outros 6 irm\u00e3os"},"content":{"rendered":"\n<p>Uma beb\u00ea de 9 dias morreu queimada no Distrito de Simione, em Itanhang\u00e1, a 477 km de Cuiab\u00e1, nessa segunda-feira (3), ap\u00f3s a casa pegar fogo. Ana Mikaelly Santos Marques estava dormindo na resid\u00eancia e a m\u00e3e tinha sa\u00eddo para registr\u00e1-la no cart\u00f3rio quando ocorreu o incidente. Outras seis crian\u00e7as foram salvas pela irm\u00e3 mais velha.<\/p>\n\n\n\n<p>A suspeita \u00e9 que tenha ocorrido um curto circuito no forro da casa, que era de madeira, e o fogo entrou no quarto onde estava Ana Mikaelly. No entanto, as causas ainda ser\u00e3o investigadas.<\/p>\n\n\n\n<p>A coordenadora da Pastoral Crian\u00e7a da Par\u00f3quia da Sant\u00edssima Trindade, que est\u00e1 dando assist\u00eancia para fam\u00edlia, contou que no quarto onde dormia a rec\u00e9m-nascida estavam outras sete crian\u00e7as e adolescentes, todos irm\u00e3os.<\/p>\n\n\n\n<figure class=\"wp-block-image\"><img decoding=\"async\" data-src=\"https:\/\/s2.glbimg.com\/WGdesB4KGyQRkihOagJ6wC0fKdI=\/0x0:1280x720\/984x0\/smart\/filters:strip_icc()\/i.s3.glbimg.com\/v1\/AUTH_59edd422c0c84a879bd37670ae4f538a\/internal_photos\/bs\/2020\/c\/o\/TjkDg9RgyagKLfTBmUBQ\/whatsapp-image-2020-08-04-at-10.36.34.jpeg\" alt=\"Casa foi destru\u00edda pelo fogo \u2014 Foto: Divulga\u00e7\u00e3o\" src=\"data:image\/svg+xml;base64,PHN2ZyB3aWR0aD0iMSIgaGVpZ2h0PSIxIiB4bWxucz0iaHR0cDovL3d3dy53My5vcmcvMjAwMC9zdmciPjwvc3ZnPg==\" class=\"lazyload\" \/><\/figure>\n\n\n\n<p>Casa foi destru\u00edda pelo fogo \u2014 Foto: Divulga\u00e7\u00e3o<\/p>\n\n\n\n<p>Quando o fogo come\u00e7ou, a mais velha dos irm\u00e3os, uma adolescente que estava cuidando da casa, conseguiu salvar os menores, mas n\u00e3o deu tempo de tirar a beb\u00ea que estava no carrinho.<\/p>\n\n\n\n<p>Durante o resgate, a casa de madeira desabou.<\/p>\n\n\n\n<figure class=\"wp-block-image\"><img decoding=\"async\" data-src=\"https:\/\/s01.video.glbimg.com\/x240\/8749936.jpg\" alt=\"Inc\u00eandio destruiu casa\" title=\"Inc\u00eandio destruiu casa\" src=\"data:image\/svg+xml;base64,PHN2ZyB3aWR0aD0iMSIgaGVpZ2h0PSIxIiB4bWxucz0iaHR0cDovL3d3dy53My5vcmcvMjAwMC9zdmciPjwvc3ZnPg==\" class=\"lazyload\" \/><\/figure>\n\n\n\n<p>Inc\u00eandio destruiu casa<\/p>\n\n\n\n<p>No momento do inc\u00eandio, o pai das crian\u00e7as estava trabalhando e a m\u00e3e havia sa\u00eddo justamente para registrar a certid\u00e3o de nascimento da Ana.<\/p>\n\n\n\n<p>Toda a fam\u00edlia est\u00e1 na casa de parentes, porque perderam todos os m\u00f3veis e roupas.<\/p>\n\n\n\n<p>Agora est\u00e3o dependendo de doa\u00e7\u00f5es para conseguir outro lugar para morar.<\/p>\n","protected":false},"excerpt":{"rendered":"<p>Uma beb\u00ea de 9 dias morreu queimada no Distrito de Simione, em Itanhang\u00e1, a 477 km de Cuiab\u00e1, nessa segunda-feira (3), ap\u00f3s a casa pegar&hellip; <\/p>\n","protected":false},"author":1,"featured_media":182060,"comment_status":"closed","ping_status":"closed","sticky":false,"template":"","format":"standard","meta":{"sfsi_plus_gutenberg_text_before_share":"","sfsi_plus_gutenberg_show_text_before_share":"","sfsi_plus_gutenberg_icon_type":"","sfsi_plus_gutenberg_icon_alignemt":"","sfsi_plus_gutenburg_max_per_row":"","footnotes":""},"categories":[2],"tags":[],"class_list":["post-182058","post","type-post","status-publish","format-standard","has-post-thumbnail","hentry","category-geral"],"_links":{"self":[{"href":"https:\/\/www.caririemacao.com\/1\/wp-json\/wp\/v2\/posts\/182058","targetHints":{"allow":["GET"]}}],"collection":[{"href":"https:\/\/www.caririemacao.com\/1\/wp-json\/wp\/v2\/posts"}],"about":[{"href":"https:\/\/www.caririemacao.com\/1\/wp-json\/wp\/v2\/types\/post"}],"author":[{"embeddable":true,"href":"https:\/\/www.caririemacao.com\/1\/wp-json\/wp\/v2\/users\/1"}],"replies":[{"embeddable":true,"href":"https:\/\/www.caririemacao.com\/1\/wp-json\/wp\/v2\/comments?post=182058"}],"version-history":[{"count":1,"href":"https:\/\/www.caririemacao.com\/1\/wp-json\/wp\/v2\/posts\/182058\/revisions"}],"predecessor-version":[{"id":182061,"href":"https:\/\/www.caririemacao.com\/1\/wp-json\/wp\/v2\/posts\/182058\/revisions\/182061"}],"wp:featuredmedia":[{"embeddable":true,"href":"https:\/\/www.caririemacao.com\/1\/wp-json\/wp\/v2\/media\/182060"}],"wp:attachment":[{"href":"https:\/\/www.caririemacao.com\/1\/wp-json\/wp\/v2\/media?parent=182058"}],"wp:term":[{"taxonomy":"category","embeddable":true,"href":"https:\/\/www.caririemacao.com\/1\/wp-json\/wp\/v2\/categories?post=182058"},{"taxonomy":"post_tag","embeddable":true,"href":"https:\/\/www.caririemacao.com\/1\/wp-json\/wp\/v2\/tags?post=182058"}],"curies":[{"name":"wp","href":"https:\/\/api.w.org\/{rel}","templated":true}]}}