{"id":182059,"date":"2020-08-04T16:16:36","date_gmt":"2020-08-04T19:16:36","guid":{"rendered":"https:\/\/www.caririemacao.com\/1\/?p=182059"},"modified":"2020-08-04T16:16:36","modified_gmt":"2020-08-04T19:16:36","slug":"pf-do-rio-apreende-r-35-milhoes-na-casa-de-investigado-em-fraude-nos-correios","status":"publish","type":"post","link":"https:\/\/www.caririemacao.com\/1\/2020\/08\/04\/pf-do-rio-apreende-r-35-milhoes-na-casa-de-investigado-em-fraude-nos-correios\/","title":{"rendered":"PF do Rio apreende R$ 3,5 milh\u00f5es na casa de investigado em fraude nos Correios"},"content":{"rendered":"\n<p>A Pol\u00edcia Federal (PF) iniciou nesta ter\u00e7a-feira (4)\u00a0a segunda fase\u00a0da\u00a0Opera\u00e7\u00e3o Postal Off, que come\u00e7ou em setembro de 2019\u00a0em Santa Catarina\u00a0e investiga fraudes nos Correios &#8212; grandes cargas eram distribu\u00eddas sem faturamento ou com faturamento inferior ao devido.<\/p>\n\n\n\n<p>Na casa de um dos suspeitos, na Barra da Tijuca, policiais apreenderam cerca de R$ 3,5 milh\u00f5es em esp\u00e9cie.<\/p>\n\n\n\n<p>Nesta fase, segundo a PF, foram identificados ind\u00edcios de participa\u00e7\u00e3o de um empres\u00e1rio titular de ag\u00eancias franqueadas e de sete funcion\u00e1rios dos Correios, que atuavam auxiliando nas postagens ilegais.<\/p>\n\n\n\n<p>Equipes sa\u00edram da Superintend\u00eancia da PF no Rio, na Pra\u00e7a Mau\u00e1, no fim da madrugada, para cumprir seis mandados:<\/p>\n\n\n\n<ul class=\"wp-block-list\"><li>Um na Barra;<\/li><li>Um Realengo;<\/li><li>Dois na sede dos Correios, na Cidade Nova;<\/li><li>Um na Freguesia<\/li><li>Um na Gard\u00eania Azul.<\/li><\/ul>\n\n\n\n<figure class=\"wp-block-image\"><img decoding=\"async\" data-src=\"https:\/\/s2.glbimg.com\/9QWGuqigtnaUJHGryH95Q6l5Lk8=\/0x0:1280x925\/1008x0\/smart\/filters:strip_icc()\/i.s3.glbimg.com\/v1\/AUTH_59edd422c0c84a879bd37670ae4f538a\/internal_photos\/bs\/2020\/F\/L\/ZJERFfQ1GxH3ZiIAiowA\/04op1.jpeg\" alt=\"Dinheiro apreendido na casa de suspeito na Opera\u00e7\u00e3o Postal Off 2 \u2014 Foto: Reprodu\u00e7\u00e3o\" src=\"data:image\/svg+xml;base64,PHN2ZyB3aWR0aD0iMSIgaGVpZ2h0PSIxIiB4bWxucz0iaHR0cDovL3d3dy53My5vcmcvMjAwMC9zdmciPjwvc3ZnPg==\" class=\"lazyload\" \/><\/figure>\n\n\n\n<p>Dinheiro apreendido na casa de suspeito na Opera\u00e7\u00e3o Postal Off 2 \u2014 Foto: Reprodu\u00e7\u00e3o<\/p>\n\n\n\n<p>Policiais cumpriam ainda mandados de busca e apreens\u00e3o em S\u00e3o Paulo, Praia Grande (SP) e S\u00e3o Vicente (SP).<\/p>\n\n\n\n<p>Tamb\u00e9m foram expedidos mandados de afastamento de funcion\u00e1rios dos Correios de suas fun\u00e7\u00f5es.<\/p>\n\n\n\n<p>Em ambas as fases a investiga\u00e7\u00e3o contou com a colabora\u00e7\u00e3o da Empresa Brasileira de Correios e Tel\u00e9grafos.<\/p>\n\n\n\n<figure class=\"wp-block-image\"><img decoding=\"async\" data-src=\"https:\/\/s2.glbimg.com\/TNXaOgN_iLAy019mT2Bd2Gzv9WQ=\/0x0:1920x1080\/1008x0\/smart\/filters:strip_icc()\/i.s3.glbimg.com\/v1\/AUTH_59edd422c0c84a879bd37670ae4f538a\/internal_photos\/bs\/2020\/J\/I\/L1O5t7RGmr7M3QlBVHJw\/correios.jpg\" alt=\"Agentes da PF cumprem mandados de busca e apreens\u00e3o na sede do Correios no RJ \u2014 Foto: Reprodu\u00e7\u00e3o \/ TV Globo\" src=\"data:image\/svg+xml;base64,PHN2ZyB3aWR0aD0iMSIgaGVpZ2h0PSIxIiB4bWxucz0iaHR0cDovL3d3dy53My5vcmcvMjAwMC9zdmciPjwvc3ZnPg==\" class=\"lazyload\" \/><\/figure>\n\n\n\n<p>Agentes da PF cumprem mandados de busca e apreens\u00e3o na sede do Correios no RJ \u2014 Foto: Reprodu\u00e7\u00e3o \/ TV Globo<\/p>\n\n\n\n<h2 class=\"wp-block-heading\">A Opera\u00e7\u00e3o Postal Off<\/h2>\n\n\n\n<p>Na primeira etapa, em 6 de setembro de 2019,\u00a0a PF cumpriu 12 mandados de pris\u00e3o\u00a0&#8212; no RJ, o empres\u00e1rio e advogado\u00a0Indio da Costa, ex-deputado federal, ex-vereador e ex-secret\u00e1rio do Rio, foi preso.<\/p>\n\n\n\n<p>A PF afirma que a organiza\u00e7\u00e3o criminosa subfaturava valores devidos \u00e0 Empresa Brasileira de Correios e Tel\u00e9grafos (EBCT), al\u00e9m de desviar para si grandes clientes no seguimento de postagem de cartas comerciais.<\/p>\n\n\n\n<p>O esquema, segundo a PF, causou um preju\u00edzo ao patrim\u00f4nio p\u00fablico estimado em R$ 94 milh\u00f5es. Parte foi recuperada com o bloqueio de bens dos investigados, como carros de luxo, um iate, um avi\u00e3o, im\u00f3veis de alto padr\u00e3o e contas banc\u00e1rias com altos valores em dep\u00f3sito &#8212; os bens somam R$ 55 milh\u00f5es.<\/p>\n","protected":false},"excerpt":{"rendered":"<p>A Pol\u00edcia Federal (PF) iniciou nesta ter\u00e7a-feira (4)\u00a0a segunda fase\u00a0da\u00a0Opera\u00e7\u00e3o Postal Off, que come\u00e7ou em setembro de 2019\u00a0em Santa Catarina\u00a0e investiga fraudes nos Correios &#8212;&hellip; <\/p>\n","protected":false},"author":1,"featured_media":182065,"comment_status":"closed","ping_status":"closed","sticky":false,"template":"","format":"standard","meta":{"sfsi_plus_gutenberg_text_before_share":"","sfsi_plus_gutenberg_show_text_before_share":"","sfsi_plus_gutenberg_icon_type":"","sfsi_plus_gutenberg_icon_alignemt":"","sfsi_plus_gutenburg_max_per_row":"","footnotes":""},"categories":[2,12],"tags":[],"class_list":["post-182059","post","type-post","status-publish","format-standard","has-post-thumbnail","hentry","category-geral","category-policia"],"_links":{"self":[{"href":"https:\/\/www.caririemacao.com\/1\/wp-json\/wp\/v2\/posts\/182059","targetHints":{"allow":["GET"]}}],"collection":[{"href":"https:\/\/www.caririemacao.com\/1\/wp-json\/wp\/v2\/posts"}],"about":[{"href":"https:\/\/www.caririemacao.com\/1\/wp-json\/wp\/v2\/types\/post"}],"author":[{"embeddable":true,"href":"https:\/\/www.caririemacao.com\/1\/wp-json\/wp\/v2\/users\/1"}],"replies":[{"embeddable":true,"href":"https:\/\/www.caririemacao.com\/1\/wp-json\/wp\/v2\/comments?post=182059"}],"version-history":[{"count":1,"href":"https:\/\/www.caririemacao.com\/1\/wp-json\/wp\/v2\/posts\/182059\/revisions"}],"predecessor-version":[{"id":182067,"href":"https:\/\/www.caririemacao.com\/1\/wp-json\/wp\/v2\/posts\/182059\/revisions\/182067"}],"wp:featuredmedia":[{"embeddable":true,"href":"https:\/\/www.caririemacao.com\/1\/wp-json\/wp\/v2\/media\/182065"}],"wp:attachment":[{"href":"https:\/\/www.caririemacao.com\/1\/wp-json\/wp\/v2\/media?parent=182059"}],"wp:term":[{"taxonomy":"category","embeddable":true,"href":"https:\/\/www.caririemacao.com\/1\/wp-json\/wp\/v2\/categories?post=182059"},{"taxonomy":"post_tag","embeddable":true,"href":"https:\/\/www.caririemacao.com\/1\/wp-json\/wp\/v2\/tags?post=182059"}],"curies":[{"name":"wp","href":"https:\/\/api.w.org\/{rel}","templated":true}]}}