{"id":182075,"date":"2020-08-04T16:34:09","date_gmt":"2020-08-04T19:34:09","guid":{"rendered":"https:\/\/www.caririemacao.com\/1\/?p=182075"},"modified":"2020-08-04T16:34:09","modified_gmt":"2020-08-04T19:34:09","slug":"explosao-em-beirute-no-libano-deixa-dez-mortos-confirmados-e-centenas-de-feridos","status":"publish","type":"post","link":"https:\/\/www.caririemacao.com\/1\/2020\/08\/04\/explosao-em-beirute-no-libano-deixa-dez-mortos-confirmados-e-centenas-de-feridos\/","title":{"rendered":"Explos\u00e3o em Beirute, no L\u00edbano, deixa dez mortos confirmados e centenas de feridos"},"content":{"rendered":"\n<h1 class=\"wp-block-heading\"><\/h1>\n\n\n\n<p>A explos\u00e3o na regi\u00e3o portu\u00e1ria de Beirute, no L\u00edbano, deixou dez mortos e centenas de feridos nesta ter\u00e7a-feira (4), de acordo com a ag\u00eancia de not\u00edcias Reuters.<\/p>\n\n\n\n<p>A Cruz Vermelha contabiliza mais de cem v\u00edtimas, entre mortos e feridos. Parte dos feridos foi encaminhada para hospitais, mas ainda h\u00e1 dezenas de pessoas presas em escombros de suas casas.<\/p>\n\n\n\n<p>N\u00e3o h\u00e1 n\u00fameros precisos sobre a quantidade de feridos nem a causa oficial da explos\u00e3o. O pa\u00eds j\u00e1 foi alvo de terroristas no passado, mas n\u00e3o h\u00e1 evid\u00eancia de que se trate de um atentado terrorista.<\/p>\n\n\n\n<figure><iframe width=\"500\" height=\"281\" data-src=\"https:\/\/www.youtube.com\/embed\/gfGMe53Kuyo\" allowfullscreen=\"\" src=\"data:image\/svg+xml;base64,PHN2ZyB3aWR0aD0iMSIgaGVpZ2h0PSIxIiB4bWxucz0iaHR0cDovL3d3dy53My5vcmcvMjAwMC9zdmciPjwvc3ZnPg==\" class=\"lazyload\" data-load-mode=\"1\"><\/iframe><\/figure>\n\n\n\n<p><strong>LEIA MAIS<\/strong>:&nbsp;<a href=\"https:\/\/www.clickpb.com.br\/mundo\/forte-explosao-atinge-area-portuaria-de-beirute-capital-do-libano-288923.html\">Forte explos\u00e3o atinge \u00e1rea portu\u00e1ria de Beirute, capital do L\u00edbano<\/a><\/p>\n\n\n\n<p>A Cruz Vermelha disse tamb\u00e9m que h\u00e1 barcos operando no resgate de pessoas que foram jogadas ao mar. A emissora libanesa LBCI informou que o hospital H\u00f4tel-Dieu de France, no centro da capital libanesa, atende mais de 500 feridos e fez um pedido de doa\u00e7\u00e3o de sangue.<\/p>\n\n\n\n<p>A explos\u00e3o causou destrui\u00e7\u00e3o em larga escala e quebrou janelas a quil\u00f4metros de dist\u00e2ncia.<\/p>\n\n\n\n<figure><iframe width=\"500\" height=\"281\" data-src=\"https:\/\/www.youtube.com\/embed\/8Y6jxiL1YrU\" allowfullscreen=\"\" src=\"data:image\/svg+xml;base64,PHN2ZyB3aWR0aD0iMSIgaGVpZ2h0PSIxIiB4bWxucz0iaHR0cDovL3d3dy53My5vcmcvMjAwMC9zdmciPjwvc3ZnPg==\" class=\"lazyload\" data-load-mode=\"1\"><\/iframe><\/figure>\n\n\n\n<p>H\u00e1 opera\u00e7\u00f5es para retirar as pessoas da regi\u00e3o, de acordo com ag\u00eancia oficial, a NNA.<\/p>\n\n\n\n<p>O chefe de seguran\u00e7a interna do L\u00edbano, Abbas Ibrahim, disse que a explos\u00e3o, na regi\u00e3o portu\u00e1ria do L\u00edbano, aconteceu numa se\u00e7\u00e3o que armazena materiais que podem ser altamente explosivos, e n\u00e3o explosivos em si.<\/p>\n\n\n\n<p>Em uma entrevista televisionada, ele n\u00e3o quis especular sobre a causa da explos\u00e3o.<\/p>\n\n\n\n<p>Hamad Hasan, o ministro da Sa\u00fade, afirmou a uma rede de TV que h\u00e1 um &#8220;alto n\u00famero de feridos&#8221; e que os danos s\u00e3o grandes.<\/p>\n\n\n\n<figure class=\"wp-block-image\"><img decoding=\"async\" data-src=\"https:\/\/www.clickpb.com.br\/media\/filer_public\/7a\/89\/7a89aac0-67f9-42be-a8be-12b4b5a10175\/whatsapp_image_2020-08-04_at_154322.jpeg\" alt=\"\" src=\"data:image\/svg+xml;base64,PHN2ZyB3aWR0aD0iMSIgaGVpZ2h0PSIxIiB4bWxucz0iaHR0cDovL3d3dy53My5vcmcvMjAwMC9zdmciPjwvc3ZnPg==\" class=\"lazyload\" \/><\/figure>\n\n\n\n<figure class=\"wp-block-image\"><img decoding=\"async\" data-src=\"https:\/\/www.clickpb.com.br\/media\/filer_public\/a0\/64\/a0640c3d-41e3-45c2-9a08-4f984fafff86\/whatsapp_image_2020-08-04_at_154321.jpeg\" alt=\"\" src=\"data:image\/svg+xml;base64,PHN2ZyB3aWR0aD0iMSIgaGVpZ2h0PSIxIiB4bWxucz0iaHR0cDovL3d3dy53My5vcmcvMjAwMC9zdmciPjwvc3ZnPg==\" class=\"lazyload\" \/><\/figure>\n\n\n\n<figure class=\"wp-block-image\"><img decoding=\"async\" data-src=\"https:\/\/www.clickpb.com.br\/media\/filer_public\/af\/f5\/aff52596-5f8c-4ca0-a972-63e1e70ec914\/whatsapp_image_2020-08-04_at_154322_1.jpeg\" alt=\"\" src=\"data:image\/svg+xml;base64,PHN2ZyB3aWR0aD0iMSIgaGVpZ2h0PSIxIiB4bWxucz0iaHR0cDovL3d3dy53My5vcmcvMjAwMC9zdmciPjwvc3ZnPg==\" class=\"lazyload\" \/><\/figure>\n","protected":false},"excerpt":{"rendered":"<p>A explos\u00e3o na regi\u00e3o portu\u00e1ria de Beirute, no L\u00edbano, deixou dez mortos e centenas de feridos nesta ter\u00e7a-feira (4), de acordo com a ag\u00eancia de&hellip; <\/p>\n","protected":false},"author":2,"featured_media":182076,"comment_status":"closed","ping_status":"closed","sticky":false,"template":"","format":"standard","meta":{"sfsi_plus_gutenberg_text_before_share":"","sfsi_plus_gutenberg_show_text_before_share":"","sfsi_plus_gutenberg_icon_type":"","sfsi_plus_gutenberg_icon_alignemt":"","sfsi_plus_gutenburg_max_per_row":"","footnotes":""},"categories":[2],"tags":[],"class_list":["post-182075","post","type-post","status-publish","format-standard","has-post-thumbnail","hentry","category-geral"],"_links":{"self":[{"href":"https:\/\/www.caririemacao.com\/1\/wp-json\/wp\/v2\/posts\/182075","targetHints":{"allow":["GET"]}}],"collection":[{"href":"https:\/\/www.caririemacao.com\/1\/wp-json\/wp\/v2\/posts"}],"about":[{"href":"https:\/\/www.caririemacao.com\/1\/wp-json\/wp\/v2\/types\/post"}],"author":[{"embeddable":true,"href":"https:\/\/www.caririemacao.com\/1\/wp-json\/wp\/v2\/users\/2"}],"replies":[{"embeddable":true,"href":"https:\/\/www.caririemacao.com\/1\/wp-json\/wp\/v2\/comments?post=182075"}],"version-history":[{"count":1,"href":"https:\/\/www.caririemacao.com\/1\/wp-json\/wp\/v2\/posts\/182075\/revisions"}],"predecessor-version":[{"id":182077,"href":"https:\/\/www.caririemacao.com\/1\/wp-json\/wp\/v2\/posts\/182075\/revisions\/182077"}],"wp:featuredmedia":[{"embeddable":true,"href":"https:\/\/www.caririemacao.com\/1\/wp-json\/wp\/v2\/media\/182076"}],"wp:attachment":[{"href":"https:\/\/www.caririemacao.com\/1\/wp-json\/wp\/v2\/media?parent=182075"}],"wp:term":[{"taxonomy":"category","embeddable":true,"href":"https:\/\/www.caririemacao.com\/1\/wp-json\/wp\/v2\/categories?post=182075"},{"taxonomy":"post_tag","embeddable":true,"href":"https:\/\/www.caririemacao.com\/1\/wp-json\/wp\/v2\/tags?post=182075"}],"curies":[{"name":"wp","href":"https:\/\/api.w.org\/{rel}","templated":true}]}}