{"id":182080,"date":"2020-08-04T18:10:28","date_gmt":"2020-08-04T21:10:28","guid":{"rendered":"https:\/\/www.caririemacao.com\/1\/?p=182080"},"modified":"2020-08-04T18:10:28","modified_gmt":"2020-08-04T21:10:28","slug":"em-meio-a-pandemia-paroquia-nossa-senhora-das-dores-doara-10-mil-mascaras","status":"publish","type":"post","link":"https:\/\/www.caririemacao.com\/1\/2020\/08\/04\/em-meio-a-pandemia-paroquia-nossa-senhora-das-dores-doara-10-mil-mascaras\/","title":{"rendered":"Em meio a pandemia, Par\u00f3quia Nossa Senhora das Dores doar\u00e1 10 mil m\u00e1scaras"},"content":{"rendered":"\n<p>A par\u00f3quia de Nossa Senhora das Dores da cidade de Monteiro, na pessoa do seu P\u00e1roco, o Pe Isa\u00edas Rodrigues e vig\u00e1rios paroquiais: Pe Artur e Pe Joao, come\u00e7am nessa quarta-feira (05\/08\/2020), a doa\u00e7\u00e3o de 10.000 m\u00e1scaras para toda popula\u00e7\u00e3o carente da cidade de Monteiro, vencendo assim esse v\u00edrus invis\u00edvel que assolando a humanidade.<\/p>\n\n\n\n<p>O p\u00e1roco Isa\u00edas agradece a parceira &#8220;Rede Mulher Empreendedora&#8221; que luta neste combate.<\/p>\n\n\n\n<p>&#8220;Roguemos a Virgem M\u00e3e das Dores para que interceda por todos nessa a\u00e7\u00e3o!&#8221;, Agradeceu.<\/p>\n","protected":false},"excerpt":{"rendered":"<p>A par\u00f3quia de Nossa Senhora das Dores da cidade de Monteiro, na pessoa do seu P\u00e1roco, o Pe Isa\u00edas Rodrigues e vig\u00e1rios paroquiais: Pe Artur&hellip; <\/p>\n","protected":false},"author":2,"featured_media":182081,"comment_status":"closed","ping_status":"closed","sticky":false,"template":"","format":"standard","meta":{"sfsi_plus_gutenberg_text_before_share":"","sfsi_plus_gutenberg_show_text_before_share":"","sfsi_plus_gutenberg_icon_type":"","sfsi_plus_gutenberg_icon_alignemt":"","sfsi_plus_gutenburg_max_per_row":"","footnotes":""},"categories":[6,2,81],"tags":[],"class_list":["post-182080","post","type-post","status-publish","format-standard","has-post-thumbnail","hentry","category-cidades","category-geral","category-monteiro"],"_links":{"self":[{"href":"https:\/\/www.caririemacao.com\/1\/wp-json\/wp\/v2\/posts\/182080","targetHints":{"allow":["GET"]}}],"collection":[{"href":"https:\/\/www.caririemacao.com\/1\/wp-json\/wp\/v2\/posts"}],"about":[{"href":"https:\/\/www.caririemacao.com\/1\/wp-json\/wp\/v2\/types\/post"}],"author":[{"embeddable":true,"href":"https:\/\/www.caririemacao.com\/1\/wp-json\/wp\/v2\/users\/2"}],"replies":[{"embeddable":true,"href":"https:\/\/www.caririemacao.com\/1\/wp-json\/wp\/v2\/comments?post=182080"}],"version-history":[{"count":1,"href":"https:\/\/www.caririemacao.com\/1\/wp-json\/wp\/v2\/posts\/182080\/revisions"}],"predecessor-version":[{"id":182082,"href":"https:\/\/www.caririemacao.com\/1\/wp-json\/wp\/v2\/posts\/182080\/revisions\/182082"}],"wp:featuredmedia":[{"embeddable":true,"href":"https:\/\/www.caririemacao.com\/1\/wp-json\/wp\/v2\/media\/182081"}],"wp:attachment":[{"href":"https:\/\/www.caririemacao.com\/1\/wp-json\/wp\/v2\/media?parent=182080"}],"wp:term":[{"taxonomy":"category","embeddable":true,"href":"https:\/\/www.caririemacao.com\/1\/wp-json\/wp\/v2\/categories?post=182080"},{"taxonomy":"post_tag","embeddable":true,"href":"https:\/\/www.caririemacao.com\/1\/wp-json\/wp\/v2\/tags?post=182080"}],"curies":[{"name":"wp","href":"https:\/\/api.w.org\/{rel}","templated":true}]}}