{"id":182085,"date":"2020-08-04T21:48:17","date_gmt":"2020-08-05T00:48:17","guid":{"rendered":"https:\/\/www.caririemacao.com\/1\/?p=182085"},"modified":"2020-08-04T21:53:56","modified_gmt":"2020-08-05T00:53:56","slug":"professor-da-uepb-e-encontrado-morto-em-seu-apartamento-em-monteiro","status":"publish","type":"post","link":"https:\/\/www.caririemacao.com\/1\/2020\/08\/04\/professor-da-uepb-e-encontrado-morto-em-seu-apartamento-em-monteiro\/","title":{"rendered":"Professor da UEPB \u00e9 encontrado morto em seu apartamento em Monteiro"},"content":{"rendered":"\n<p>O professor da UEPB, conhecido como Marcio, foi encontrado morto na noite desta ter\u00e7a-feira na cidade de Monteio. <\/p>\n\n\n\n<p>De acordo com informa\u00e7\u00f5es ele foi encontrado em seu apartamento no bairro depois do posto de Kaka, no Residencial Alvorada.<\/p>\n\n\n\n<p> A fam\u00edlia vinha tentando contato h\u00e1 dez dias, mas sem resultado. O que se pode concluir \u00e9 que ele pode estar morto h\u00e1 dias. <\/p>\n\n\n\n<p>Ainda n\u00e3o se tem informa\u00e7\u00f5es da causa da morte.<\/p>\n\n\n\n<p><\/p>\n","protected":false},"excerpt":{"rendered":"<p>O professor da UEPB, conhecido como Marcio, foi encontrado morto na noite desta ter\u00e7a-feira na cidade de Monteio. De acordo com informa\u00e7\u00f5es ele foi encontrado&hellip; <\/p>\n","protected":false},"author":1,"featured_media":182086,"comment_status":"closed","ping_status":"closed","sticky":false,"template":"","format":"standard","meta":{"sfsi_plus_gutenberg_text_before_share":"","sfsi_plus_gutenberg_show_text_before_share":"","sfsi_plus_gutenberg_icon_type":"","sfsi_plus_gutenberg_icon_alignemt":"","sfsi_plus_gutenburg_max_per_row":"","footnotes":""},"categories":[6],"tags":[],"class_list":["post-182085","post","type-post","status-publish","format-standard","has-post-thumbnail","hentry","category-cidades"],"_links":{"self":[{"href":"https:\/\/www.caririemacao.com\/1\/wp-json\/wp\/v2\/posts\/182085","targetHints":{"allow":["GET"]}}],"collection":[{"href":"https:\/\/www.caririemacao.com\/1\/wp-json\/wp\/v2\/posts"}],"about":[{"href":"https:\/\/www.caririemacao.com\/1\/wp-json\/wp\/v2\/types\/post"}],"author":[{"embeddable":true,"href":"https:\/\/www.caririemacao.com\/1\/wp-json\/wp\/v2\/users\/1"}],"replies":[{"embeddable":true,"href":"https:\/\/www.caririemacao.com\/1\/wp-json\/wp\/v2\/comments?post=182085"}],"version-history":[{"count":4,"href":"https:\/\/www.caririemacao.com\/1\/wp-json\/wp\/v2\/posts\/182085\/revisions"}],"predecessor-version":[{"id":182091,"href":"https:\/\/www.caririemacao.com\/1\/wp-json\/wp\/v2\/posts\/182085\/revisions\/182091"}],"wp:featuredmedia":[{"embeddable":true,"href":"https:\/\/www.caririemacao.com\/1\/wp-json\/wp\/v2\/media\/182086"}],"wp:attachment":[{"href":"https:\/\/www.caririemacao.com\/1\/wp-json\/wp\/v2\/media?parent=182085"}],"wp:term":[{"taxonomy":"category","embeddable":true,"href":"https:\/\/www.caririemacao.com\/1\/wp-json\/wp\/v2\/categories?post=182085"},{"taxonomy":"post_tag","embeddable":true,"href":"https:\/\/www.caririemacao.com\/1\/wp-json\/wp\/v2\/tags?post=182085"}],"curies":[{"name":"wp","href":"https:\/\/api.w.org\/{rel}","templated":true}]}}