{"id":182092,"date":"2020-08-05T06:08:56","date_gmt":"2020-08-05T09:08:56","guid":{"rendered":"https:\/\/www.caririemacao.com\/1\/?p=182092"},"modified":"2020-08-05T06:08:56","modified_gmt":"2020-08-05T09:08:56","slug":"secretario-alerta-sobre-numero-de-casos-da-covid-19-na-paraiba","status":"publish","type":"post","link":"https:\/\/www.caririemacao.com\/1\/2020\/08\/05\/secretario-alerta-sobre-numero-de-casos-da-covid-19-na-paraiba\/","title":{"rendered":"Secret\u00e1rio alerta sobre n\u00famero de casos da Covid-19 na Para\u00edba"},"content":{"rendered":"\n<h1 class=\"wp-block-heading\"><\/h1>\n\n\n\n<p>O secret\u00e1rio de Sa\u00fade da Para\u00edba, Geraldo Medeiros, afirmou, durante entrevista a uma emissora de r\u00e1dio local, que a queda no n\u00famero de casos da Covid-19 no Estado est\u00e1 ocorrendo de forma lenta e \u00e9 preciso que as pessoas continuem cientes de que \u00e9 necess\u00e1rio usar m\u00e1scara, manter o distanciamento e sair de casa apenas se preciso.<\/p>\n\n\n\n<p>\u2013 \u00c9 essencial que a popula\u00e7\u00e3o compreenda que essa \u00e9 uma queda lenta e pequena ainda \u2013 colocou.<\/p>\n\n\n\n<p>Segundo Geraldo, a Para\u00edba apresenta atualmente cerca de 1.200 a 1.300 novos casos e 25 \u00f3bitos diariamente. Ele ainda frisou que esse n\u00famero ainda \u00e9 alto e preocupante.<\/p>\n","protected":false},"excerpt":{"rendered":"<p>O secret\u00e1rio de Sa\u00fade da Para\u00edba, Geraldo Medeiros, afirmou, durante entrevista a uma emissora de r\u00e1dio local, que a queda no n\u00famero de casos da&hellip; <\/p>\n","protected":false},"author":2,"featured_media":182093,"comment_status":"closed","ping_status":"closed","sticky":false,"template":"","format":"standard","meta":{"sfsi_plus_gutenberg_text_before_share":"","sfsi_plus_gutenberg_show_text_before_share":"","sfsi_plus_gutenberg_icon_type":"","sfsi_plus_gutenberg_icon_alignemt":"","sfsi_plus_gutenburg_max_per_row":"","footnotes":""},"categories":[50,2],"tags":[],"class_list":["post-182092","post","type-post","status-publish","format-standard","has-post-thumbnail","hentry","category-destaque","category-geral"],"_links":{"self":[{"href":"https:\/\/www.caririemacao.com\/1\/wp-json\/wp\/v2\/posts\/182092","targetHints":{"allow":["GET"]}}],"collection":[{"href":"https:\/\/www.caririemacao.com\/1\/wp-json\/wp\/v2\/posts"}],"about":[{"href":"https:\/\/www.caririemacao.com\/1\/wp-json\/wp\/v2\/types\/post"}],"author":[{"embeddable":true,"href":"https:\/\/www.caririemacao.com\/1\/wp-json\/wp\/v2\/users\/2"}],"replies":[{"embeddable":true,"href":"https:\/\/www.caririemacao.com\/1\/wp-json\/wp\/v2\/comments?post=182092"}],"version-history":[{"count":1,"href":"https:\/\/www.caririemacao.com\/1\/wp-json\/wp\/v2\/posts\/182092\/revisions"}],"predecessor-version":[{"id":182094,"href":"https:\/\/www.caririemacao.com\/1\/wp-json\/wp\/v2\/posts\/182092\/revisions\/182094"}],"wp:featuredmedia":[{"embeddable":true,"href":"https:\/\/www.caririemacao.com\/1\/wp-json\/wp\/v2\/media\/182093"}],"wp:attachment":[{"href":"https:\/\/www.caririemacao.com\/1\/wp-json\/wp\/v2\/media?parent=182092"}],"wp:term":[{"taxonomy":"category","embeddable":true,"href":"https:\/\/www.caririemacao.com\/1\/wp-json\/wp\/v2\/categories?post=182092"},{"taxonomy":"post_tag","embeddable":true,"href":"https:\/\/www.caririemacao.com\/1\/wp-json\/wp\/v2\/tags?post=182092"}],"curies":[{"name":"wp","href":"https:\/\/api.w.org\/{rel}","templated":true}]}}