{"id":182096,"date":"2020-08-05T06:11:50","date_gmt":"2020-08-05T09:11:50","guid":{"rendered":"https:\/\/www.caririemacao.com\/1\/?p=182096"},"modified":"2020-08-05T06:11:50","modified_gmt":"2020-08-05T09:11:50","slug":"caixa-confirma-calendario-de-saque-do-fgts-emergencial","status":"publish","type":"post","link":"https:\/\/www.caririemacao.com\/1\/2020\/08\/05\/caixa-confirma-calendario-de-saque-do-fgts-emergencial\/","title":{"rendered":"Caixa confirma calend\u00e1rio de saque do FGTS emergencial"},"content":{"rendered":"\n<h1 class=\"wp-block-heading\"><\/h1>\n\n\n\n<p>\u201cA Caixa, na qualidade de agente operador do FGTS, esclarece que, com base no princ\u00edpio constitucional da seguran\u00e7a jur\u00eddica, mant\u00e9m o cronograma do saque emergencial do FGTS at\u00e9 o fim do prazo de pagamento estabelecido pela MP 946\/20, conforme anunciado anteriormente\u201d, informou o banco.<\/p>\n\n\n\n<p>O FGTS emergencial come\u00e7ou a ser liberado no final de junho para os nascidos no m\u00eas de janeiro. O calend\u00e1rio de resgates segue de acordo com o m\u00eas de nascimento do trabalhador.<\/p>\n\n\n\n<p>Primeiro, a grana fica disponibilizada na conta poupan\u00e7a social digital, criada automaticamente pela Caixa. Depois, o dinheiro fica dispon\u00edvel para saque ou transfer\u00eancia para contas de outros bancos. (Veja calend\u00e1rio completo abaixo)<\/p>\n\n\n\n<p>A C\u00e2mara cedeu \u00e0s press\u00f5es do governo e retirou a MP da pauta de discuss\u00e3o. A remo\u00e7\u00e3o do texto, que precisava ser votado at\u00e9 esta ter\u00e7a (4), foi aprovado por 294 votos a favor e 148 contr\u00e1rios. A decis\u00e3o de deixar a medida provis\u00f3ria caducar foi tomada ap\u00f3s o Senado ampliar as possibilidades de saques de recursos do FGTS, em vota\u00e7\u00e3o realizada no mesmo dia.<\/p>\n\n\n\n<p>A manobra do governo teve apoio de partidos que deixaram recentemente o bloc\u00e3o, como MDB e EM, e foi chancelada pelo centr\u00e3o-raiz, grupo que re\u00fane PP, PL e Republicanos e que forma a base informal de Jair Bolsonaro (sem partido) na C\u00e2mara.<\/p>\n\n\n\n<p>Siglas como PSC, PTB, PROS e PSL \u2013 que querem formar um bloco independente \u2013 , al\u00e9m de Solidariedade, Cidadania, Podemos, PSDB e PSD tamb\u00e9m votaram a favor da retirada de pauta. A oposi\u00e7\u00e3o e o Novo foram contr\u00e1rios \u00e0 manobra do governo.<\/p>\n\n\n\n<p>Em sua argumenta\u00e7\u00e3o pela retirada de pauta, o l\u00edder do governo na C\u00e2mara, deputado Vitor Hugo (PSL-GO), disse que a aprova\u00e7\u00e3o da MP poderia desidratar as contas do FGTS. O MDR (Minist\u00e9rio do Desenvolvimento Regional) estimava em R$ 120 bilh\u00f5es o impacto do texto aprovado no Senado.<\/p>\n\n\n\n<p>\u201cNesse caso particular, \u00e9 importante destacar que o fundo financia a habita\u00e7\u00e3o no pa\u00eds\u201d, afirmou Vitor Hugo. \u201cE quando a gente come\u00e7a a atingir esse fundo em particular, estamos falando em moradia para as pessoas mais carentes do pa\u00eds.\u201d<br>*<br><strong>SAQUE EMERGENCIAL DO FGTS<\/strong><br>\u00c9 permitido a todos os trabalhadores titulares de contas ativas e inativas do FGTS com saldo<\/p>\n\n\n\n<p><strong>Valor<\/strong><br>O valor m\u00e1ximo que o trabalhador pode sacar \u00e9 R$ 1.045, n\u00e3o importa quantas contas ativas e inativas ele possua.<\/p>\n\n\n\n<p><strong>Como receber<\/strong><br>O pagamento ser\u00e1 feito por meio de uma poupan\u00e7a social digital, que ser\u00e1 criada automaticamente para todos os trabalhadores eleg\u00edveis<\/p>\n\n\n\n<p>O cr\u00e9dito ser\u00e1 disponibilizado nesta poupan\u00e7a, mesmo para aqueles que j\u00e1 possuem conta-corrente ou poupan\u00e7a na Caixa<\/p>\n\n\n\n<p>O dinheiro \u00e9 liberado conforme a data de anivers\u00e1rio do trabalho<\/p>\n\n\n\n<p>At\u00e9 julho, o valor s\u00f3 poder\u00e1 ser movimentada de forma digital, pelo Caixa Tem<\/p>\n\n\n\n<p>A partir de julho, ser\u00e1 poss\u00edvel sacar os valores ou transferir para outras contas.<\/p>\n","protected":false},"excerpt":{"rendered":"<p>\u201cA Caixa, na qualidade de agente operador do FGTS, esclarece que, com base no princ\u00edpio constitucional da seguran\u00e7a jur\u00eddica, mant\u00e9m o cronograma do saque emergencial&hellip; <\/p>\n","protected":false},"author":2,"featured_media":182097,"comment_status":"closed","ping_status":"closed","sticky":false,"template":"","format":"standard","meta":{"sfsi_plus_gutenberg_text_before_share":"","sfsi_plus_gutenberg_show_text_before_share":"","sfsi_plus_gutenberg_icon_type":"","sfsi_plus_gutenberg_icon_alignemt":"","sfsi_plus_gutenburg_max_per_row":"","footnotes":""},"categories":[2],"tags":[],"class_list":["post-182096","post","type-post","status-publish","format-standard","has-post-thumbnail","hentry","category-geral"],"_links":{"self":[{"href":"https:\/\/www.caririemacao.com\/1\/wp-json\/wp\/v2\/posts\/182096","targetHints":{"allow":["GET"]}}],"collection":[{"href":"https:\/\/www.caririemacao.com\/1\/wp-json\/wp\/v2\/posts"}],"about":[{"href":"https:\/\/www.caririemacao.com\/1\/wp-json\/wp\/v2\/types\/post"}],"author":[{"embeddable":true,"href":"https:\/\/www.caririemacao.com\/1\/wp-json\/wp\/v2\/users\/2"}],"replies":[{"embeddable":true,"href":"https:\/\/www.caririemacao.com\/1\/wp-json\/wp\/v2\/comments?post=182096"}],"version-history":[{"count":1,"href":"https:\/\/www.caririemacao.com\/1\/wp-json\/wp\/v2\/posts\/182096\/revisions"}],"predecessor-version":[{"id":182098,"href":"https:\/\/www.caririemacao.com\/1\/wp-json\/wp\/v2\/posts\/182096\/revisions\/182098"}],"wp:featuredmedia":[{"embeddable":true,"href":"https:\/\/www.caririemacao.com\/1\/wp-json\/wp\/v2\/media\/182097"}],"wp:attachment":[{"href":"https:\/\/www.caririemacao.com\/1\/wp-json\/wp\/v2\/media?parent=182096"}],"wp:term":[{"taxonomy":"category","embeddable":true,"href":"https:\/\/www.caririemacao.com\/1\/wp-json\/wp\/v2\/categories?post=182096"},{"taxonomy":"post_tag","embeddable":true,"href":"https:\/\/www.caririemacao.com\/1\/wp-json\/wp\/v2\/tags?post=182096"}],"curies":[{"name":"wp","href":"https:\/\/api.w.org\/{rel}","templated":true}]}}