{"id":182104,"date":"2020-08-05T06:21:45","date_gmt":"2020-08-05T09:21:45","guid":{"rendered":"https:\/\/www.caririemacao.com\/1\/?p=182104"},"modified":"2020-08-05T06:21:45","modified_gmt":"2020-08-05T09:21:45","slug":"paraiba-registra-mais-de-1-500-novos-casos-de-covid-19-nesta-terca-feira","status":"publish","type":"post","link":"https:\/\/www.caririemacao.com\/1\/2020\/08\/05\/paraiba-registra-mais-de-1-500-novos-casos-de-covid-19-nesta-terca-feira\/","title":{"rendered":"Para\u00edba registra mais de 1.500 novos casos de Covid-19 nesta ter\u00e7a-feira"},"content":{"rendered":"\n<h1 class=\"wp-block-heading\"><\/h1>\n\n\n\n<p>Nesta ter\u00e7a-feira, 04, a Para\u00edba registrou 1.549 novos casos de Covid-19 e 31 \u00f3bitos confirmados desde a \u00faltima atualiza\u00e7\u00e3o, 12 deles ocorridos nas \u00faltimas 24h.<\/p>\n\n\n\n<p><a href=\"https:\/\/paraibaonline.com.br\/2020\/08\/secretario-alerta-sobre-numero-de-casos-da-covid-19-na-paraiba\/\">De acordo com o boletim da Secretaria de Estado da Sa\u00fade (SES), 85.760 pessoas j\u00e1 contra\u00edram a doen\u00e7a, 38.554 j\u00e1 se recuperaram e 1.901 faleceram.<\/a><\/p>\n\n\n\n<p>At\u00e9 o momento, 249.543 testes para diagn\u00f3stico da Covid-19 j\u00e1 foram realizados.<\/p>\n\n\n\n<p>A ocupa\u00e7\u00e3o total de leitos de UTI (adulto, pedi\u00e1trico e obst\u00e9trico) em todo o Estado \u00e9 de 52%.<\/p>\n\n\n\n<p>Fazendo um recorte apenas dos leitos de UTI para adultos na Regi\u00e3o Metropolitana de Jo\u00e3o Pessoa, a taxa de ocupa\u00e7\u00e3o chega a 59%.<\/p>\n\n\n\n<p>Em Campina Grande, est\u00e3o ocupados 41% dos leitos de UTI adulto e no Sert\u00e3o, 59% dos leitos de UTI para adultos.<\/p>\n\n\n\n<p>O \u00edndice de isolamento social foi de apenas 37,7%, considerado baixo em rela\u00e7\u00e3o \u00e0 meta de 70% e \u00e0 m\u00ednima de 50%.<\/p>\n\n\n\n<p>Os casos confirmados est\u00e3o distribu\u00eddos por 221 dos 223 munic\u00edpios paraibanos:<\/p>\n\n\n\n<p>\u00c1gua Branca (50); Aguiar (23); Alagoa Grande (790); Alagoa Nova (250); Alagoinha (778); Alcantil (48); Algod\u00e3o de Janda\u00edra (6); Alhandra (584); Amparo (17); Aparecida (63); Ara\u00e7agi (468); Arara (177); Araruna (222); Areia (355); Areia de Bara\u00fanas (11); Areial (43); Aroeiras (176); Assun\u00e7\u00e3o (44); Baia da Trai\u00e7\u00e3o (492); Bananeiras (167); Bara\u00fana (129); Barra de Santa Rosa (48); Barra de Santana (83); Barra de S\u00e3o Miguel (40);&nbsp;<strong>Bayeux (1483)<\/strong>; Bel\u00e9m (805); Bel\u00e9m do Brejo do Cruz (27); Bernardino Batista (6); Boa Ventura (4); Boa Vista (77); Bom Jesus (9); Bom Sucesso (18); Bonito de Santa F\u00e9 (18); Boqueir\u00e3o (308); Borborema (19); Brejo do Cruz (268); Brejo dos Santos (22);<\/p>\n\n\n\n<p>Caapor\u00e3 (904); Cabaceiras (55);&nbsp;<strong>Cabedelo (2449)<\/strong>; Cachoeira dos \u00cdndios (90); Cacimba de Areia (8); Cacimba de Dentro (207); Cacimbas (43); Cai\u00e7ara (385);&nbsp;<strong>Cajazeiras (1289)<\/strong>; Cajazeirinhas (20); Caldas Brand\u00e3o (175); Camala\u00fa (1);&nbsp;<strong>Campina Grande (10948)<\/strong>; Capim (143); Cara\u00fabas (35); Carrapateira (42); Casserengue (215); Catingueira (17), Catol\u00e9 do Rocha (262); Caturit\u00e9 (101); Concei\u00e7\u00e3o (406); Condado (113); Conde (669); Congo (67); Coremas (123); Coxixola (29); Cruz do Esp\u00edrito Santo (266); Cubati (71); Cuit\u00e9 (158); Cuit\u00e9 de Mamanguape (101); Cuiteg\u00ed (339); Curral de Cima (24); Curral Velho (1), Dami\u00e3o (17); Desterro (50); Diamante (86); Dona In\u00eas (84); Duas Estradas (68); Emas (43); Esperan\u00e7a (411); Fagundes (84); Frei Martinho (6);<\/p>\n\n\n\n<p>Gado Bravo (94);&nbsp;<strong>Guarabira (3478)<\/strong>; Gurinh\u00e9m (399); Gurj\u00e3o (21); Ibiara (42); Igaracy (8); Imaculada (39); Ing\u00e1 (1019); Itabaiana (994); Itaporanga (179); Itapororoca (644); Itatuba (293); Jacara\u00fa (284); Jeric\u00f3 (10);&nbsp;<strong>Jo\u00e3o Pessoa (22107)<\/strong>; Joca Claudino (9); Juarez T\u00e1vora (270); Juazeirinho (154); Junco do Serid\u00f3 (41); Juripiranga (437); Juru (70); Lagoa (6); Lagoa de Dentro (114); Lagoa Seca (619); Lastro (16); Livramento (79); Logradouro (122); Lucena (339); M\u00e3e d\u2019\u00c1gua (18); Malta (86);&nbsp;<strong>Mamanguape (2083)<\/strong>; Mana\u00edra (10); Marca\u00e7\u00e3o (273); Mari (1015); Mariz\u00f3polis (24); Massaranduba (304); Mataraca (154); Matinhas (70); Mato Grosso (14); Matureia (33); Mogeiro (144); Montadas (39); Monte Horebe (13); Monteiro (290); Mulungu (302);<\/p>\n\n\n\n<p>Natuba (49); Nazarezinho (34); Nova Floresta (53), Nova Olinda (12); Nova Palmeira (54); Olho D\u00b4\u00c1gua (39); Olivedos (68); Parari (5); Passagem (30);&nbsp;<strong>Patos (2699)<\/strong>; Paulista (142); Pedra Branca (2); Pedra Lavrada (35);&nbsp;<strong>Pedras de Fogo (1228)<\/strong>; Pedro R\u00e9gis (40); Pianc\u00f3 (138); Picu\u00ed (183); Pilar (277); Pil\u00f5es (89); Pil\u00f5ezinhos (228); Pirpirituba (256); Pitimbu (574); Pocinhos (124); Po\u00e7o Dantas (5); Po\u00e7o de Jos\u00e9 Moura (17); Pombal (377); Prata (5); Princesa Isabel (66); Puxinan\u00e3 (250); Queimadas (948); Quixaba (28); Rem\u00edgio (229); Riach\u00e3o (64); Riach\u00e3o do Bacamarte (218); Riach\u00e3o do Po\u00e7o (86); Riacho de Santo Ant\u00f4nio (28); Riacho dos Cavalos (12); Rio Tinto (950);<\/p>\n\n\n\n<p>Salgadinho (25); Salgado de S\u00e3o Felix (211); Santa Cec\u00edlia (63); Santa Cruz (48); Santa Helena (21); Santa In\u00eas (51); Santa Luzia (205);&nbsp;<strong>Santa Rita (2427)<\/strong>; Santa Terezinha (52); Santana de Mangueira (5); Santana dos Garrotes (17); Santo Andr\u00e9 (14); S\u00e3o Bentinho (40); S\u00e3o Bento (1447); S\u00e3o Domingos do Cariri (45); S\u00e3o Francisco (33); S\u00e3o Jo\u00e3o do Cariri (94); S\u00e3o Jo\u00e3o do Rio do Peixe (208); S\u00e3o Jo\u00e3o do Tigre (10); S\u00e3o Jos\u00e9 da Lagoa Tapada (47); S\u00e3o Jos\u00e9 de Caiana (36); S\u00e3o Jos\u00e9 de Espinharas (28); S\u00e3o Jos\u00e9 de Piranhas (150); S\u00e3o Jos\u00e9 de Princesa (2); S\u00e3o Jos\u00e9 do Bonfim (58); S\u00e3o Jos\u00e9 do Brejo do Cruz (10); S\u00e3o Jos\u00e9 do Sabugi (202); S\u00e3o Jos\u00e9 dos Cordeiros (32);<\/p>\n\n\n\n<p>S\u00e3o Jos\u00e9 dos Ramos (220); S\u00e3o Mamede (38); S\u00e3o Miguel de Taipu (121); S\u00e3o Sebasti\u00e3o de Lagoa de Ro\u00e7a (200); S\u00e3o Sebasti\u00e3o do Umbuzeiro (8); S\u00e3o Vicente do Serid\u00f3 (46); Sap\u00e9 (907); Serra Branca (137); Serra da Ra\u00edz (18); Serra Grande (9); Serra Redonda (221); Serraria (130); Sert\u00e3ozinho (138); Sobrado (175); Sol\u00e2nea (366); Soledade (135); Sossego (9),&nbsp;<strong>Sousa (1301)<\/strong>; Sum\u00e9 (206); Tacima (113); Tapero\u00e1 (67); Tavares (81); Teixeira (153); Ten\u00f3rio (14); Triunfo (44); Uira\u00fana (69); Umbuzeiro (73); V\u00e1rzea (14); Vieir\u00f3polis (4); Vista Serrana (5), Zabel\u00ea (23).<\/p>\n\n\n\n<p>*Dados oficiais preliminares (fonte: SIM, e-sus VE e SIVEP) extra\u00eddos \u00e0s 10h do dia 04\/08, sujeitos a altera\u00e7\u00e3o por parte dos munic\u00edpios.<\/p>\n\n\n\n<p>Os 31 \u00f3bitos confirmados nesta ter\u00e7a ocorreram entre 14 de maio a 04 de agosto, 15 deles nas \u00faltimas 48h.<\/p>\n\n\n\n<p>Hipertens\u00e3o, diabetes s\u00e3o os fatores de risco mais frequentes e 04 deles n\u00e3o possu\u00edam comorbidades.<\/p>\n\n\n\n<p>Homem, 76 anos, residente em Araruna. Hipertenso e diab\u00e9tico. In\u00edcio dos sintomas em 12\/07\/2020. Foi a \u00f3bito em hospital privado no dia 04\/08\/2020.<\/p>\n\n\n\n<p>Homem, 82 anos, residente em Jacara\u00fa. Hipertenso. In\u00edcio dos sintomas em 15\/07\/2020. Foi a \u00f3bito em hospital p\u00fablico no dia 04\/08\/2020.<\/p>\n\n\n\n<p>Homem, 66 anos, residente em Jo\u00e3o Pessoa. Hipertenso, diab\u00e9tico e cardiopata. In\u00edcio dos sintomas em 20\/07\/2020. Foi a \u00f3bito em hospital p\u00fablico no dia 04\/08\/2020.<\/p>\n\n\n\n<p>Homem, 68 anos, residente em Pombal. Hipertenso, diab\u00e9tico e cardiopata. In\u00edcio dos sintomas em 27\/07\/2020. Foi a \u00f3bito em hospital p\u00fablico no dia 04\/08\/2020.<\/p>\n\n\n\n<p>Homem, 21 anos, residente em Rio Tinto. Diab\u00e9tico e portador de doen\u00e7a respirat\u00f3ria. In\u00edcio dos sintomas em 23\/07\/2020. Foi a \u00f3bito em hospital p\u00fablico no dia 04\/08\/2020.<\/p>\n\n\n\n<p>Mulher, 52 anos, residente em S\u00e3o Bento. Portadora de doen\u00e7a respirat\u00f3ria. In\u00edcio dos sintomas em 20\/07\/2020. Foi a \u00f3bito em hospital p\u00fablico no dia 04\/08\/2020.<\/p>\n\n\n\n<p>Homem, 72 anos, residente em Sap\u00e9. Cardiopata e portador de doen\u00e7a respirat\u00f3ria. In\u00edcio dos sintomas em 23\/07\/2020. Foi a \u00f3bito em hospital p\u00fablico no dia 04\/08\/2020.<\/p>\n\n\n\n<p>Homem, 78 anos, residente em Cachoeira dos \u00cdndios. Hipertenso. In\u00edcio dos sintomas em 03\/07\/2020. Foi a \u00f3bito em hospital p\u00fablico no dia 03\/08\/2020.<\/p>\n\n\n\n<p>Homem, 65 anos, residente em Jo\u00e3o Pessoa. Diab\u00e9tico, portador de doen\u00e7a respirat\u00f3ria e cardiopatia. In\u00edcio dos sintomas em 24\/07\/2020. Foi a \u00f3bito em hospital p\u00fablico no dia 03\/08\/2020.<\/p>\n\n\n\n<p>Mulher, 83 anos, residente em Jo\u00e3o Pessoa. Hipertensa, diab\u00e9tica e portadora de doen\u00e7a neurol\u00f3gica. In\u00edcio dos sintomas em 10\/07\/2020. Foi a \u00f3bito em hospital p\u00fablico no dia 03\/08\/2020.<\/p>\n\n\n\n<p>Homem, 73 anos, residente em Patos Hipertenso e diab\u00e9tico. In\u00edcio dos sintomas em 12\/07\/2020. Foi a \u00f3bito em hospital p\u00fablico no dia 03\/08\/2020.<\/p>\n\n\n\n<p>Mulher, 86 anos, residente em Po\u00e7o Dantas. Hipertensa. In\u00edcio dos sintomas em 03\/07\/2020. Foi a \u00f3bito em hospital p\u00fablico no dia 03\/08\/2020.<\/p>\n\n\n\n<p>Homem, 86 anos, residente em Jo\u00e3o Pessoa. Hipertenso, diab\u00e9tico e cardiopata. In\u00edcio dos sintomas em 19\/07\/2020. Foi a \u00f3bito em hospital p\u00fablico no dia 02\/08\/2020.<\/p>\n","protected":false},"excerpt":{"rendered":"<p>Nesta ter\u00e7a-feira, 04, a Para\u00edba registrou 1.549 novos casos de Covid-19 e 31 \u00f3bitos confirmados desde a \u00faltima atualiza\u00e7\u00e3o, 12 deles ocorridos nas \u00faltimas 24h.&hellip; <\/p>\n","protected":false},"author":2,"featured_media":182105,"comment_status":"closed","ping_status":"closed","sticky":false,"template":"","format":"standard","meta":{"sfsi_plus_gutenberg_text_before_share":"","sfsi_plus_gutenberg_show_text_before_share":"","sfsi_plus_gutenberg_icon_type":"","sfsi_plus_gutenberg_icon_alignemt":"","sfsi_plus_gutenburg_max_per_row":"","footnotes":""},"categories":[2],"tags":[],"class_list":["post-182104","post","type-post","status-publish","format-standard","has-post-thumbnail","hentry","category-geral"],"_links":{"self":[{"href":"https:\/\/www.caririemacao.com\/1\/wp-json\/wp\/v2\/posts\/182104","targetHints":{"allow":["GET"]}}],"collection":[{"href":"https:\/\/www.caririemacao.com\/1\/wp-json\/wp\/v2\/posts"}],"about":[{"href":"https:\/\/www.caririemacao.com\/1\/wp-json\/wp\/v2\/types\/post"}],"author":[{"embeddable":true,"href":"https:\/\/www.caririemacao.com\/1\/wp-json\/wp\/v2\/users\/2"}],"replies":[{"embeddable":true,"href":"https:\/\/www.caririemacao.com\/1\/wp-json\/wp\/v2\/comments?post=182104"}],"version-history":[{"count":1,"href":"https:\/\/www.caririemacao.com\/1\/wp-json\/wp\/v2\/posts\/182104\/revisions"}],"predecessor-version":[{"id":182106,"href":"https:\/\/www.caririemacao.com\/1\/wp-json\/wp\/v2\/posts\/182104\/revisions\/182106"}],"wp:featuredmedia":[{"embeddable":true,"href":"https:\/\/www.caririemacao.com\/1\/wp-json\/wp\/v2\/media\/182105"}],"wp:attachment":[{"href":"https:\/\/www.caririemacao.com\/1\/wp-json\/wp\/v2\/media?parent=182104"}],"wp:term":[{"taxonomy":"category","embeddable":true,"href":"https:\/\/www.caririemacao.com\/1\/wp-json\/wp\/v2\/categories?post=182104"},{"taxonomy":"post_tag","embeddable":true,"href":"https:\/\/www.caririemacao.com\/1\/wp-json\/wp\/v2\/tags?post=182104"}],"curies":[{"name":"wp","href":"https:\/\/api.w.org\/{rel}","templated":true}]}}