{"id":182108,"date":"2020-08-05T06:25:01","date_gmt":"2020-08-05T09:25:01","guid":{"rendered":"https:\/\/www.caririemacao.com\/1\/?p=182108"},"modified":"2020-08-05T06:25:01","modified_gmt":"2020-08-05T09:25:01","slug":"oitavo-ministro-do-presidente-bolsonaro-contrai-a-covid-19","status":"publish","type":"post","link":"https:\/\/www.caririemacao.com\/1\/2020\/08\/05\/oitavo-ministro-do-presidente-bolsonaro-contrai-a-covid-19\/","title":{"rendered":"Oitavo ministro do presidente Bolsonaro contrai a Covid-19"},"content":{"rendered":"\n<h1 class=\"wp-block-heading\"><\/h1>\n\n\n\n<p>\u201cInformo que, ap\u00f3s fazer o teste RT-PCR para detectar poss\u00edvel presen\u00e7a do v\u00edrus da Covid-19, meu resultado foi positivo. Estou em isolamento desde hoje (4) e cumpro agenda de forma remota. Apresento sintomas leves e sigo sob acompanhamento m\u00e9dico\u201d, escreveu o ministro em uma rede social. Uma nota oficial tamb\u00e9m foi divulgada.<\/p>\n\n\n\n<p>De acordo com a assessoria do ministro, ele j\u00e1 estava em \u201cisolamento preventivo\u201d e, portanto, n\u00e3o participou presencialmente da reuni\u00e3o ministerial conduzida por Bolsonaro pela manh\u00e3.<\/p>\n\n\n\n<p>Oliveira \u00e9 um dos ministros mais pr\u00f3ximos de Bolsonaro e despacha com o presidente diariamente.<\/p>\n\n\n\n<p>Na segunda-feira (3), o ministro-chefe da Casa Civil, general Walter Braga Netto, informou que seu teste havia dado positivo. Na sexta-feira (31), o governo informou que ministro da CGU (Controladoria-Geral da Uni\u00e3o), Wagner Ros\u00e1rio, est\u00e1 com Covid-19.<\/p>\n\n\n\n<p>Antes, ainda na semana passada, foram informados os casos de Michelle e do ministro Marcos Pontes (Ci\u00eancia e Tecnologia).<\/p>\n\n\n\n<p>Na semana anterior, os ministros Onyx Lorenzoni (Cidadania) e Milton Ribeiro (Educa\u00e7\u00e3o) informaram estar doentes. Anteriormente, j\u00e1 haviam sido contaminados Augusto Heleno (Gabinete de Seguran\u00e7a Institucional) e Bento Albuquerque (Minas e Energia).<\/p>\n\n\n\n<p>O presidente Jair Bolsonaro tamb\u00e9m foi infectado pelo coronav\u00edrus. Ele anunciou o teste positivo em 7 de julho e ficou 20 dias longe do Pal\u00e1cio do Planalto, para onde retornou em 27 de julho. Em sua live da semana passada, Bolsonaro afirmou estar com \u201cmofo no pulm\u00e3o\u201d.<\/p>\n\n\n\n<p>\u201cAcabei de fazer um exame de sangue, estava com um pouco de fraqueza ontem [quarta-feira], achava que estava com um pouco de infec\u00e7\u00e3o tamb\u00e9m. Tomei agora um antibi\u00f3tico. Depois de 20 dias dentro de casa, a gente pega outros problemas, peguei mofo, mofo no pulm\u00e3o deve ser\u201d, disse Bolsonaro sem informar mais detalhes.<\/p>\n\n\n\n<p>Na sexta-feira, ele foi a Bag\u00e9 (RS). No domingo (2), Bolsonaro passeou de moto por Bras\u00edlia sem utilizar m\u00e1scara. De acordo com nota da Secretaria-Geral, at\u00e9 31 de julho, foram confirmados na Presid\u00eancia da Rep\u00fablica 178 casos positivos para Covid-19, sendo que 31 funcion\u00e1rios ainda est\u00e3o em tratamento.<\/p>\n\n\n\n<p>Ainda de acordo com a pasta, mais de 50% dos servidores est\u00e3o em trabalho remoto ou em escala de revezamento.<\/p>\n","protected":false},"excerpt":{"rendered":"<p>\u201cInformo que, ap\u00f3s fazer o teste RT-PCR para detectar poss\u00edvel presen\u00e7a do v\u00edrus da Covid-19, meu resultado foi positivo. Estou em isolamento desde hoje (4)&hellip; <\/p>\n","protected":false},"author":2,"featured_media":182109,"comment_status":"closed","ping_status":"closed","sticky":false,"template":"","format":"standard","meta":{"sfsi_plus_gutenberg_text_before_share":"","sfsi_plus_gutenberg_show_text_before_share":"","sfsi_plus_gutenberg_icon_type":"","sfsi_plus_gutenberg_icon_alignemt":"","sfsi_plus_gutenburg_max_per_row":"","footnotes":""},"categories":[2],"tags":[],"class_list":["post-182108","post","type-post","status-publish","format-standard","has-post-thumbnail","hentry","category-geral"],"_links":{"self":[{"href":"https:\/\/www.caririemacao.com\/1\/wp-json\/wp\/v2\/posts\/182108","targetHints":{"allow":["GET"]}}],"collection":[{"href":"https:\/\/www.caririemacao.com\/1\/wp-json\/wp\/v2\/posts"}],"about":[{"href":"https:\/\/www.caririemacao.com\/1\/wp-json\/wp\/v2\/types\/post"}],"author":[{"embeddable":true,"href":"https:\/\/www.caririemacao.com\/1\/wp-json\/wp\/v2\/users\/2"}],"replies":[{"embeddable":true,"href":"https:\/\/www.caririemacao.com\/1\/wp-json\/wp\/v2\/comments?post=182108"}],"version-history":[{"count":1,"href":"https:\/\/www.caririemacao.com\/1\/wp-json\/wp\/v2\/posts\/182108\/revisions"}],"predecessor-version":[{"id":182110,"href":"https:\/\/www.caririemacao.com\/1\/wp-json\/wp\/v2\/posts\/182108\/revisions\/182110"}],"wp:featuredmedia":[{"embeddable":true,"href":"https:\/\/www.caririemacao.com\/1\/wp-json\/wp\/v2\/media\/182109"}],"wp:attachment":[{"href":"https:\/\/www.caririemacao.com\/1\/wp-json\/wp\/v2\/media?parent=182108"}],"wp:term":[{"taxonomy":"category","embeddable":true,"href":"https:\/\/www.caririemacao.com\/1\/wp-json\/wp\/v2\/categories?post=182108"},{"taxonomy":"post_tag","embeddable":true,"href":"https:\/\/www.caririemacao.com\/1\/wp-json\/wp\/v2\/tags?post=182108"}],"curies":[{"name":"wp","href":"https:\/\/api.w.org\/{rel}","templated":true}]}}