{"id":182116,"date":"2020-08-05T06:32:55","date_gmt":"2020-08-05T09:32:55","guid":{"rendered":"https:\/\/www.caririemacao.com\/1\/?p=182116"},"modified":"2020-08-05T06:32:55","modified_gmt":"2020-08-05T09:32:55","slug":"governo-propoe-elevar-ir-na-fonte-para-aprovar-o-imposto-digital","status":"publish","type":"post","link":"https:\/\/www.caririemacao.com\/1\/2020\/08\/05\/governo-propoe-elevar-ir-na-fonte-para-aprovar-o-imposto-digital\/","title":{"rendered":"Governo prop\u00f5e elevar IR na fonte para aprovar o imposto digital"},"content":{"rendered":"\n<h1 class=\"wp-block-heading\"><\/h1>\n\n\n\n<p>Na \u00e2nsia de aprovar o imposto \u00b4digital\u00b4 \u2013 que incidiria sobre as transa\u00e7\u00f5es feitas atrav\u00e9s do com\u00e9rcio eletr\u00f4nico -, a \u00e1rea econ\u00f4mica do governo federal promete elevar o piso para o desconto do imposto de renda na fonte dos atuais R$ 1.903,98 para R$ 3 mil.&nbsp;<\/p>\n","protected":false},"excerpt":{"rendered":"<p>Na \u00e2nsia de aprovar o imposto \u00b4digital\u00b4 \u2013 que incidiria sobre as transa\u00e7\u00f5es feitas atrav\u00e9s do com\u00e9rcio eletr\u00f4nico -, a \u00e1rea econ\u00f4mica do governo federal&hellip; <\/p>\n","protected":false},"author":2,"featured_media":182117,"comment_status":"closed","ping_status":"closed","sticky":false,"template":"","format":"standard","meta":{"sfsi_plus_gutenberg_text_before_share":"","sfsi_plus_gutenberg_show_text_before_share":"","sfsi_plus_gutenberg_icon_type":"","sfsi_plus_gutenberg_icon_alignemt":"","sfsi_plus_gutenburg_max_per_row":"","footnotes":""},"categories":[2],"tags":[],"class_list":["post-182116","post","type-post","status-publish","format-standard","has-post-thumbnail","hentry","category-geral"],"_links":{"self":[{"href":"https:\/\/www.caririemacao.com\/1\/wp-json\/wp\/v2\/posts\/182116","targetHints":{"allow":["GET"]}}],"collection":[{"href":"https:\/\/www.caririemacao.com\/1\/wp-json\/wp\/v2\/posts"}],"about":[{"href":"https:\/\/www.caririemacao.com\/1\/wp-json\/wp\/v2\/types\/post"}],"author":[{"embeddable":true,"href":"https:\/\/www.caririemacao.com\/1\/wp-json\/wp\/v2\/users\/2"}],"replies":[{"embeddable":true,"href":"https:\/\/www.caririemacao.com\/1\/wp-json\/wp\/v2\/comments?post=182116"}],"version-history":[{"count":1,"href":"https:\/\/www.caririemacao.com\/1\/wp-json\/wp\/v2\/posts\/182116\/revisions"}],"predecessor-version":[{"id":182118,"href":"https:\/\/www.caririemacao.com\/1\/wp-json\/wp\/v2\/posts\/182116\/revisions\/182118"}],"wp:featuredmedia":[{"embeddable":true,"href":"https:\/\/www.caririemacao.com\/1\/wp-json\/wp\/v2\/media\/182117"}],"wp:attachment":[{"href":"https:\/\/www.caririemacao.com\/1\/wp-json\/wp\/v2\/media?parent=182116"}],"wp:term":[{"taxonomy":"category","embeddable":true,"href":"https:\/\/www.caririemacao.com\/1\/wp-json\/wp\/v2\/categories?post=182116"},{"taxonomy":"post_tag","embeddable":true,"href":"https:\/\/www.caririemacao.com\/1\/wp-json\/wp\/v2\/tags?post=182116"}],"curies":[{"name":"wp","href":"https:\/\/api.w.org\/{rel}","templated":true}]}}