{"id":182124,"date":"2020-08-05T06:42:51","date_gmt":"2020-08-05T09:42:51","guid":{"rendered":"https:\/\/www.caririemacao.com\/1\/?p=182124"},"modified":"2020-08-05T06:42:51","modified_gmt":"2020-08-05T09:42:51","slug":"pf-apreende-r-35-milhoes-em-acao-contra-fraude-nos-correios","status":"publish","type":"post","link":"https:\/\/www.caririemacao.com\/1\/2020\/08\/05\/pf-apreende-r-35-milhoes-em-acao-contra-fraude-nos-correios\/","title":{"rendered":"PF apreende R$ 3,5 milh\u00f5es em a\u00e7\u00e3o contra fraude nos Correios"},"content":{"rendered":"\n<h1 class=\"wp-block-heading\"><\/h1>\n\n\n\n<p>A investiga\u00e7\u00e3o, que come\u00e7ou em novembro de 2018 em Santa Catarina, apura fraudes na Empresa Brasileira de Correios e Tel\u00e9grafos.<\/p>\n\n\n\n<p>Segundo a Pol\u00edcia Federal, a organiza\u00e7\u00e3o criminosa j\u00e1 causou um preju\u00edzo estimado em R$ 94 milh\u00f5es ao patrim\u00f4nio p\u00fablico.<\/p>\n\n\n\n<p>O grupo, que subfaturava valores devidos aos Correios, tamb\u00e9m atuava nos estados do Rio de Janeiro e de S\u00e3o Paulo.<\/p>\n\n\n\n<p>Segundo a Pol\u00edcia Federal, os criminosos contavam com funcion\u00e1rios que faziam com que grandes cargas de clientes fossem distribu\u00eddas no fluxo postal, sem faturamento ou com faturamento muito inferior ao devido.<\/p>\n\n\n\n<p>Os agentes cumprem 12 mandados de busca e apreens\u00e3o em S\u00e3o Paulo, Praia Grande (SP), S\u00e3o Vicente (SP) e no Rio de Janeiro, em resid\u00eancias de investigados e sedes da empresa.<\/p>\n\n\n\n<p>Tamb\u00e9m foram expedidos mandados de afastamento de funcion\u00e1rios dos Correios de suas fun\u00e7\u00f5es.<\/p>\n\n\n\n<p>Eles ter\u00e3o restri\u00e7\u00f5es ao direito de ir e vir, assim como a obrigatoriedade de comparecimento aos atos do processo, com risco de terem pris\u00e3o decretada. At\u00e9 o final da manh\u00e3 desta ter\u00e7a-feira, n\u00e3o houve pris\u00e3o em flagrante.<\/p>\n\n\n\n<p>Nesta fase da opera\u00e7\u00e3o, foram identificados ind\u00edcios de participa\u00e7\u00e3o de um empres\u00e1rio titular de ag\u00eancias franqueadas dos Correios e de sete funcion\u00e1rios da empresa p\u00fablica, que atuavam auxiliando nas postagens.<\/p>\n\n\n\n<p>De acordo com as investiga\u00e7\u00f5es, a organiza\u00e7\u00e3o criminosa tamb\u00e9m desviava importantes clientes dos Correios para si pr\u00f3pria no seguimento de cartas comerciais.<\/p>\n\n\n\n<p>J\u00e1 na primeira fase da a\u00e7\u00e3o, houve bloqueio de bens dos investigados de R$ 55 milh\u00f5es, entre eles, carros de luxo, um iate, um avi\u00e3o, im\u00f3veis de alto padr\u00e3o e contas banc\u00e1rias.<\/p>\n\n\n\n<p>Ainda na primeira etapa, em setembro de 2019, o empres\u00e1rio e ex-deputado federal \u00cdndio da Costa (sem partido) chegou a ser preso no Rio, mas foi solto dias depois.<\/p>\n\n\n\n<p>Em ambas as fases, a investiga\u00e7\u00e3o contou com a colabora\u00e7\u00e3o da Empresa Brasileira de Correios e Tel\u00e9grafos.<\/p>\n\n\n\n<p>Os investigados foram indiciados, conforme a atua\u00e7\u00e3o de cada um, em crimes como corrup\u00e7\u00e3o passiva e ativa, estelionato, viola\u00e7\u00e3o de sigilo funcional e forma\u00e7\u00e3o de organiza\u00e7\u00e3o criminosa.<\/p>\n","protected":false},"excerpt":{"rendered":"<p>A investiga\u00e7\u00e3o, que come\u00e7ou em novembro de 2018 em Santa Catarina, apura fraudes na Empresa Brasileira de Correios e Tel\u00e9grafos. Segundo a Pol\u00edcia Federal, a&hellip; <\/p>\n","protected":false},"author":2,"featured_media":182125,"comment_status":"closed","ping_status":"closed","sticky":false,"template":"","format":"standard","meta":{"sfsi_plus_gutenberg_text_before_share":"","sfsi_plus_gutenberg_show_text_before_share":"","sfsi_plus_gutenberg_icon_type":"","sfsi_plus_gutenberg_icon_alignemt":"","sfsi_plus_gutenburg_max_per_row":"","footnotes":""},"categories":[50,12],"tags":[],"class_list":["post-182124","post","type-post","status-publish","format-standard","has-post-thumbnail","hentry","category-destaque","category-policia"],"_links":{"self":[{"href":"https:\/\/www.caririemacao.com\/1\/wp-json\/wp\/v2\/posts\/182124","targetHints":{"allow":["GET"]}}],"collection":[{"href":"https:\/\/www.caririemacao.com\/1\/wp-json\/wp\/v2\/posts"}],"about":[{"href":"https:\/\/www.caririemacao.com\/1\/wp-json\/wp\/v2\/types\/post"}],"author":[{"embeddable":true,"href":"https:\/\/www.caririemacao.com\/1\/wp-json\/wp\/v2\/users\/2"}],"replies":[{"embeddable":true,"href":"https:\/\/www.caririemacao.com\/1\/wp-json\/wp\/v2\/comments?post=182124"}],"version-history":[{"count":1,"href":"https:\/\/www.caririemacao.com\/1\/wp-json\/wp\/v2\/posts\/182124\/revisions"}],"predecessor-version":[{"id":182126,"href":"https:\/\/www.caririemacao.com\/1\/wp-json\/wp\/v2\/posts\/182124\/revisions\/182126"}],"wp:featuredmedia":[{"embeddable":true,"href":"https:\/\/www.caririemacao.com\/1\/wp-json\/wp\/v2\/media\/182125"}],"wp:attachment":[{"href":"https:\/\/www.caririemacao.com\/1\/wp-json\/wp\/v2\/media?parent=182124"}],"wp:term":[{"taxonomy":"category","embeddable":true,"href":"https:\/\/www.caririemacao.com\/1\/wp-json\/wp\/v2\/categories?post=182124"},{"taxonomy":"post_tag","embeddable":true,"href":"https:\/\/www.caririemacao.com\/1\/wp-json\/wp\/v2\/tags?post=182124"}],"curies":[{"name":"wp","href":"https:\/\/api.w.org\/{rel}","templated":true}]}}