{"id":18217,"date":"2017-04-23T08:47:13","date_gmt":"2017-04-23T11:47:13","guid":{"rendered":"http:\/\/caririemacao.com\/1\/?p=18217"},"modified":"2017-04-23T12:47:36","modified_gmt":"2017-04-23T15:47:36","slug":"tensao-com-a-coreia-do-norte-o-mundo-pode-estar-proximo-da-3a-guerra-mundial","status":"publish","type":"post","link":"https:\/\/www.caririemacao.com\/1\/2017\/04\/23\/tensao-com-a-coreia-do-norte-o-mundo-pode-estar-proximo-da-3a-guerra-mundial\/","title":{"rendered":"Tens\u00e3o com a Coreia do Norte: O mundo pode estar pr\u00f3ximo da 3\u00aa Guerra Mundial?"},"content":{"rendered":"<div class=\"mc-column content-media content-media--normal\" data-block-type=\"backstage-photo\">\n<div class=\"content-media__container\">\n<div class=\"content-media__description-centered \">\n<p class=\"content-media__description\">A tens\u00e3o entre os Estados Unidos e a Coreia do Norte aumentou recentemente, com agress\u00f5es e advert\u00eancias verbais, al\u00e9m de alguns movimentos militares, o que gerou uma preocupa\u00e7\u00e3o sobre uma nova crise entre duas pot\u00eancias nucleares.<\/p>\n<\/div>\n<\/div>\n<\/div>\n<div class=\"mc-column content-text active-extra-styles \" data-block-type=\"unstyled\" data-block-weight=\"49\">\n<p class=\"content-text__container \" data-track-category=\"Link no Texto\" data-track-links=\"\">Ve\u00edculos de comunica\u00e7\u00e3o como o jornal americano The New York Times e o brit\u00e2nico The Guardian chegaram a citar a possibilidade de um conflito e compararam o momento atual como a Crise dos M\u00edsseis de Cuba, de 1962. Afinal, seria essa a crise nuclear mais preocupante em 50 anos?<\/p>\n<\/div>\n<div class=\"mc-column content-text active-extra-styles \" data-block-type=\"unstyled\" data-block-weight=\"23\">\n<p class=\"content-text__container \" data-track-category=\"Link no Texto\" data-track-links=\"\">Especialistas ouvidos pela BBC divergem sobre as chances reais de um confronto mais acirrado &#8211; e potencialmente destrutivo &#8211; entre Washington e Pyongyang.<\/p>\n<\/div>\n<div class=\"mc-column content-text active-extra-styles \" data-block-type=\"unstyled\" data-block-weight=\"43\">\n<p class=\"content-text__container \" data-track-category=\"Link no Texto\" data-track-links=\"\">H\u00e1 um consenso de que a solu\u00e7\u00e3o militar n\u00e3o seria a melhor para as diferen\u00e7as entre os dois pa\u00edses e que, assim como fizeram sovi\u00e9ticos e americanos h\u00e1 quase 55 anos, Donald Trump e Kim Jong-un resolver\u00e3o seus problemas na mesa de negocia\u00e7\u00f5es.<\/p>\n<p class=\"content-text__container \" data-track-category=\"Link no Texto\" data-track-links=\"\"><strong>O conflito<\/strong><\/p>\n<\/div>\n<div class=\"mc-column content-text active-extra-styles \" data-block-type=\"unstyled\" data-block-weight=\"44\">\n<p class=\"content-text__container \" data-track-category=\"Link no Texto\" data-track-links=\"\">A crise atual se intensificou em 8 de abril, quando, ap\u00f3s um teste de m\u00edssil frustrado pela Coreia do Norte, Trump disse ter enviado uma &#8220;armada muito poderosa&#8221; para a pen\u00ednsula coreana, uma refer\u00eancia ao porta-avi\u00f5es USS Carl Vinson e a um grupo t\u00e1tico.<\/p>\n<\/div>\n<div class=\"mc-column content-text active-extra-styles \" data-block-type=\"unstyled\" data-block-weight=\"38\">\n<p class=\"content-text__container \" data-track-category=\"Link no Texto\" data-track-links=\"\">Por sua vez, o Ex\u00e9rcito norte-coreano exibiu no \u00faltimo fim de semana seu arsenal militar e tentou fazer um novo teste de m\u00edsseis de m\u00e9dio alcance. O exerc\u00edcio falhou novamemnte &#8211; o dispositivo explodiu pouco ap\u00f3s o lan\u00e7amento.<\/p>\n<\/div>\n<div class=\"mc-column content-text active-extra-styles \" data-block-type=\"unstyled\" data-block-weight=\"50\">\n<p class=\"content-text__container \" data-track-category=\"Link no Texto\" data-track-links=\"\">Estava marcado para o mesmo dia o in\u00edcio de uma visita do vice-presidente americano, Mike Pence, \u00e0 \u00c1sia, que tem a Coreia do Norte como um dos principais temas de sua agenda. &#8220;A era da paci\u00eancia estrat\u00e9gia (com Pyongyang) terminou&#8221;, disse ele na segunda-feira, em visita \u00e0 Coreia do Sul.<\/p>\n<\/div>\n<div class=\"mc-column content-text active-extra-styles \" data-block-type=\"unstyled\" data-block-weight=\"30\">\n<p class=\"content-text__container \" data-track-category=\"Link no Texto\" data-track-links=\"\">A resposta da Coreia do Norte foi breve, vinda de um alto diplomata do pa\u00eds: &#8220;Se os Estados Unidos planejam uma ofensiva militar, vamos reagir com um ataque nuclear preventivo&#8221;.<\/p>\n<\/div>\n<div class=\"content-ads content-ads--reveal\"><\/div>\n<div class=\"mc-column content-text active-extra-styles \" data-block-type=\"unstyled\" data-block-weight=\"59\">\n<p class=\"content-text__container \" data-track-category=\"Link no Texto\" data-track-links=\"\">A escalada de tens\u00e3o alcan\u00e7ou um n\u00edvel j\u00e1 considerado por alguns como a maior amea\u00e7a nuclear em 50 anos. O The New York Times classificou como uma &#8220;Crise dos M\u00edsseis de Cuba em c\u00e2mera lenta&#8221;. &#8220;Quando as ambi\u00e7\u00f5es nacionais, o ego pessoal e um arsenal mort\u00edfero se misturam, as possibilidades de erro de c\u00e1lculo se multiplicam&#8221;, disse o jornal.<\/p>\n<\/div>\n<div class=\"mc-column content-text active-extra-styles \" data-block-type=\"unstyled\" data-block-weight=\"41\">\n<p class=\"content-text__container \" data-track-category=\"Link no Texto\" data-track-links=\"\">J\u00e1 o The Guardian afirmou que &#8220;nesse momento, a maioria das armas nucleares do mundo est\u00e3o nas m\u00e3os de homens para quem a ideia de us\u00e1-las est\u00e1 se tornando fact\u00edvel&#8221;, numa refer\u00eancia a Jong-um, Trump e o presidente russo, Vladimir Putin.<\/p>\n<\/div>\n<div class=\"mc-column content-text active-extra-styles \" data-block-type=\"unstyled\" data-block-weight=\"55\">\n<p class=\"content-text__container \" data-track-category=\"Link no Texto\" data-track-links=\"\">Em Cuba, o epis\u00f3dio \u00e9 lembrado como a &#8220;Crise de Outubro&#8221;. No dia 15 deste m\u00eas em 1962, um avi\u00e3o espi\u00e3o dos EUA descobriu instala\u00e7\u00f5es na ilha que pareciam corresponder a m\u00edsseis nucleares de m\u00e9dio alcance, o que fez o governo de John F. Kennedy cercar Cuba imediatamente, enquanto navios sovi\u00e9ticos avan\u00e7avam rumo \u00e0 ilha.<\/p>\n<\/div>\n<div class=\"mc-column content-text active-extra-styles \" data-block-type=\"unstyled\" data-block-weight=\"52\">\n<p class=\"content-text__container \" data-track-category=\"Link no Texto\" data-track-links=\"\">Entre 22 e 27 de outubro daquele ano, o mundo experimentou o que era sentir-se \u00e0 beira de uma guerra nuclear. Finalmente, negocia\u00e7\u00f5es entre Moscou e Washington permitiram que o arsenal nuclear instalado na ilha voltasse \u00e0 R\u00fassia, enquanto um furioso Fidel Castro culpava os sovi\u00e9ticos de terem negociado pelas suas costas.<\/p>\n<\/div>\n<div class=\"mc-column content-text active-extra-styles \" data-block-type=\"unstyled\" data-block-weight=\"37\">\n<p class=\"content-text__container \" data-track-category=\"Link no Texto\" data-track-links=\"\">O pr\u00eamio Nobel da Paz e f\u00edsico a favor do desarmamento nuclear Joseph Rotblat qualificou a crise dos m\u00edsseis como &#8220;o momento mais aterrorizante&#8221; da sua vida. Seria a crise atual o momento mais cr\u00edtico desde ent\u00e3o?<\/p>\n<p class=\"content-text__container \" data-track-category=\"Link no Texto\" data-track-links=\"\"><strong>Sobreviv\u00eancia<\/strong><\/p>\n<\/div>\n<div class=\"mc-column content-text active-extra-styles \" data-block-type=\"unstyled\" data-block-weight=\"25\">\n<p class=\"content-text__container \" data-track-category=\"Link no Texto\" data-track-links=\"\">Para Bates Gill, especialista em rela\u00e7\u00f5es entre Estados Unidos e \u00c1sia da Universidade Nacional da Austr\u00e1lia, trata-se de um pico da tens\u00e3o nuclear em d\u00e9cadas.<\/p>\n<\/div>\n<div class=\"mc-column content-text active-extra-styles \" data-block-type=\"unstyled\" data-block-weight=\"52\">\n<p class=\"content-text__container \" data-track-category=\"Link no Texto\" data-track-links=\"\">&#8220;A situa\u00e7\u00e3o mudou dr\u00e1sticamente nos \u00faltimos tr\u00eas anos por causa do desenvolvimento de armas nucleares pela Coreia do Norte, e isso pede uma abordagem diferente, com urg\u00eancia&#8221;, afirma ele, para quem &#8220;a expectativa da administra\u00e7\u00e3o Trump de esperar que a Coreia do Norte se desfa\u00e7a de seu arsenal nuclear claramente n\u00e3o funcionou&#8221;.<\/p>\n<\/div>\n<div class=\"mc-column content-text active-extra-styles \" data-block-type=\"unstyled\" data-block-weight=\"55\">\n<p class=\"content-text__container \" data-track-category=\"Link no Texto\" data-track-links=\"\">Em contrapartida, Robert Einhorn, especialista em seguran\u00e7a e pol\u00edtica externa do Instituto Brookings, de Washington, afirma que hoje nos encontramos &#8220;muito longe de estar \u00e0 beira de um confronto nuclear como em 1962&#8221;. &#8220;N\u00e3o \u00e9 t\u00e3o preocupante como muitos dizem, mas a situa\u00e7\u00e3o \u00e9 claramente tensa por causa das declara\u00e7\u00f5es da Coreia do Norte&#8221;, diz.<\/p>\n<\/div>\n<div class=\"mc-column content-text active-extra-styles \" data-block-type=\"unstyled\" data-block-weight=\"44\">\n<p class=\"content-text__container \" data-track-category=\"Link no Texto\" data-track-links=\"\">Ainda que n\u00e3o acredite na possibilidade de uma guerra nuclear, Einhorn afirma que &#8220;ser\u00e1 muito dif\u00edcil que o governo de Trump conven\u00e7a os norte-coreanos a eliminarem seu programa nuclear&#8221;. O especialista afirma que, para Pyongyang, essas armas s\u00e3o consideradas garantias da sobreviv\u00eancia do regime.<\/p>\n<\/div>\n<div class=\"mc-column content-text active-extra-styles \" data-block-type=\"unstyled\" data-block-weight=\"47\">\n<p class=\"content-text__container \" data-track-category=\"Link no Texto\" data-track-links=\"\">Apesar de afirmar que o momento atual reflete a maior tens\u00e3o entre as duas pot\u00eancias em d\u00e9cadas, Gill diz que a crise diplom\u00e1tica n\u00e3o se resolver\u00e1 com m\u00edsseis por duas raz\u00f5es: as declara\u00e7\u00f5es do governo de Trump e a press\u00e3o que a China pode exercer sobre Pyongyang.<\/p>\n<\/div>\n<div class=\"mc-column content-text active-extra-styles \" data-block-type=\"unstyled\" data-block-weight=\"31\">\n<p class=\"content-text__container \" data-track-category=\"Link no Texto\" data-track-links=\"\">&#8220;Duvido de uma guerra nuclear. O governo Trump vem declarando querer esgotar todos as vias diplom\u00e1ticas e pac\u00edficas. A op\u00e7\u00e3o militar seria a \u00faltima, a menos que exista uma amea\u00e7a iminente.&#8221;<\/p>\n<\/div>\n<div class=\"mc-column content-text active-extra-styles \" data-block-type=\"unstyled\" data-block-weight=\"56\">\n<p class=\"content-text__container \" data-track-category=\"Link no Texto\" data-track-links=\"\">Depois da crise em Cuba, Estados Unidos e Uni\u00e3o Sovi\u00e9tica s\u00f3 voltaram a acender o sinal de alerta nuclar em 1983, com uma s\u00e9rie de exerc\u00edcios militares da Organiza\u00e7\u00e3o do Tratado do Atl\u00e2ntico Norte (Otan), tidos pela R\u00fassia como um poss\u00edvel ataque at\u00f4mico. Sovi\u00e9ticos preparam m\u00edsseis e alertaram suas bases na Alemanha Oriental e na Pol\u00f4nia.<\/p>\n<\/div>\n<div class=\"mc-column content-text active-extra-styles \" data-block-type=\"unstyled\" data-block-weight=\"28\">\n<p class=\"content-text__container \" data-track-category=\"Link no Texto\" data-track-links=\"\">O incidente teve uma repercuss\u00e3o menor que a crise cubana, mas ainda \u00e9 considerada por historiadores como a maior relacionada a armas nucleares desde 1962 \u2013 at\u00e9 agora.<\/p>\n<p><strong>CARIRI EM A\u00c7\u00c3O<\/strong><\/p>\n<p>Com G1\u00a0\/ Fotos: Reprodu\u00e7\u00e3o<\/p>\n<p><strong>Leia mais not\u00edcias em\u00a0<\/strong><a href=\"http:\/\/www.caririemacao.com\/\"><strong>caririemacao.com<\/strong><\/a><strong>, siga nossa p\u00e1gina no\u00a0<\/strong><a href=\"https:\/\/www.facebook.com\/CaririEmAcao\/?ref=aymt_homepage_panel\"><strong>Facebook<\/strong><\/a><strong>\u00a0e\u00a0<a href=\"https:\/\/www.instagram.com\/cariri_em_acao\/?hl=pt-br\">Instagram<\/a>\u00a0veja nossas mat\u00e9rias e fotos. Voc\u00ea tamb\u00e9m pode enviar informa\u00e7\u00f5es \u00e0 Reda\u00e7\u00e3o do Portal Cariri em A\u00e7\u00e3o pelo WhatsApp (83) 9 9634.5791, (83) 9 9601-1162.<\/strong><\/p>\n<\/div>\n","protected":false},"excerpt":{"rendered":"<p>A tens\u00e3o entre os Estados Unidos e a Coreia do Norte aumentou recentemente, com agress\u00f5es e advert\u00eancias verbais, al\u00e9m de alguns movimentos militares, o que&hellip; <\/p>\n","protected":false},"author":2,"featured_media":18218,"comment_status":"closed","ping_status":"closed","sticky":false,"template":"","format":"standard","meta":{"sfsi_plus_gutenberg_text_before_share":"","sfsi_plus_gutenberg_show_text_before_share":"","sfsi_plus_gutenberg_icon_type":"","sfsi_plus_gutenberg_icon_alignemt":"","sfsi_plus_gutenburg_max_per_row":"","footnotes":""},"categories":[2],"tags":[],"class_list":["post-18217","post","type-post","status-publish","format-standard","has-post-thumbnail","hentry","category-geral"],"_links":{"self":[{"href":"https:\/\/www.caririemacao.com\/1\/wp-json\/wp\/v2\/posts\/18217","targetHints":{"allow":["GET"]}}],"collection":[{"href":"https:\/\/www.caririemacao.com\/1\/wp-json\/wp\/v2\/posts"}],"about":[{"href":"https:\/\/www.caririemacao.com\/1\/wp-json\/wp\/v2\/types\/post"}],"author":[{"embeddable":true,"href":"https:\/\/www.caririemacao.com\/1\/wp-json\/wp\/v2\/users\/2"}],"replies":[{"embeddable":true,"href":"https:\/\/www.caririemacao.com\/1\/wp-json\/wp\/v2\/comments?post=18217"}],"version-history":[{"count":0,"href":"https:\/\/www.caririemacao.com\/1\/wp-json\/wp\/v2\/posts\/18217\/revisions"}],"wp:featuredmedia":[{"embeddable":true,"href":"https:\/\/www.caririemacao.com\/1\/wp-json\/wp\/v2\/media\/18218"}],"wp:attachment":[{"href":"https:\/\/www.caririemacao.com\/1\/wp-json\/wp\/v2\/media?parent=18217"}],"wp:term":[{"taxonomy":"category","embeddable":true,"href":"https:\/\/www.caririemacao.com\/1\/wp-json\/wp\/v2\/categories?post=18217"},{"taxonomy":"post_tag","embeddable":true,"href":"https:\/\/www.caririemacao.com\/1\/wp-json\/wp\/v2\/tags?post=18217"}],"curies":[{"name":"wp","href":"https:\/\/api.w.org\/{rel}","templated":true}]}}