{"id":182511,"date":"2020-08-07T06:46:14","date_gmt":"2020-08-07T09:46:14","guid":{"rendered":"https:\/\/www.caririemacao.com\/1\/?p=182511"},"modified":"2020-08-07T06:46:14","modified_gmt":"2020-08-07T09:46:14","slug":"mais-de-mil-novos-casos-de-covid-19-sao-confirmados-na-paraiba","status":"publish","type":"post","link":"https:\/\/www.caririemacao.com\/1\/2020\/08\/07\/mais-de-mil-novos-casos-de-covid-19-sao-confirmados-na-paraiba\/","title":{"rendered":"Mais de mil novos casos de Covid-19 s\u00e3o confirmados na Para\u00edba"},"content":{"rendered":"\n<h1 class=\"wp-block-heading\"><\/h1>\n\n\n\n<p>Nesta quarta, a Para\u00edba registrou 1.311 novos casos de Covid-19 e 21 \u00f3bitos confirmados desde a \u00faltima atualiza\u00e7\u00e3o, 03 deles ocorridos nas \u00faltimas 24h. At\u00e9 o momento, 87.071 pessoas j\u00e1 contra\u00edram a doen\u00e7a, 40.094 j\u00e1 se recuperaram e 1.922 faleceram. At\u00e9 o momento, 252.751 testes para diagn\u00f3stico da Covid-19 j\u00e1 foram realizados.<\/p>\n\n\n\n<p>A ocupa\u00e7\u00e3o total de leitos de UTI (adulto, pedi\u00e1trico e obst\u00e9trico) em todo o estado \u00e9 de 51%. Fazendo um recorte apenas dos leitos de UTI para adultos na Regi\u00e3o Metropolitana de Jo\u00e3o Pessoa, a taxa de ocupa\u00e7\u00e3o chega a 58%. Em Campina Grande, est\u00e3o ocupados 42% dos leitos de UTI adulto e no sert\u00e3o, 67% dos leitos de UTI para adultos.<\/p>\n\n\n\n<p>O \u00edndice de Isolamento Social foi de apenas 37,2%, considerado baixo em rela\u00e7\u00e3o \u00e0 meta de 70% e \u00e0 m\u00ednima de 50%.<\/p>\n\n\n\n<p>Os casos confirmados est\u00e3o distribu\u00eddos por 221 dos 223 munic\u00edpios paraibanos:<\/p>\n\n\n\n<p>\u00c1gua Branca (50); Aguiar (23); Alagoa Grande (829); Alagoa Nova (255); Alagoinha (803); Alcantil (54); Algod\u00e3o de Janda\u00edra (6); Alhandra (589); Amparo (17); Aparecida (65); Ara\u00e7agi (472); Arara (178); Araruna (222); Areia (355); Areia de Bara\u00fanas (10); Areial (43); Aroeiras (187); Assun\u00e7\u00e3o (44); Baia da Trai\u00e7\u00e3o (496); Bananeiras (167); Bara\u00fana (129); Barra de Santa Rosa (48); Barra de Santana (83); Barra de S\u00e3o Miguel (41); Bayeux (1511); Bel\u00e9m (830); Bel\u00e9m do Brejo do Cruz (28); Bernardino Batista (7); Boa Ventura (4); Boa Vista (78); Bom Jesus (9); Bom Sucesso (18); Bonito de Santa F\u00e9 (18); Boqueir\u00e3o (315); Borborema (20); Brejo do Cruz (295); Brejo dos Santos (22); Caapor\u00e3 (904); Cabaceiras (59); Cabedelo (2478); Cachoeira dos \u00cdndios (91); Cacimba de Areia (8); Cacimba de Dentro (224); Cacimbas (43); Cai\u00e7ara (385); Cajazeiras (1309); Cajazeirinhas (21); Caldas Brand\u00e3o (194); Camala\u00fa (1); Campina Grande (10982); Capim (144); Cara\u00fabas (36); Carrapateira (43); Casserengue (228); Catingueira (17), Catol\u00e9 do Rocha (272); Caturit\u00e9 (102); Concei\u00e7\u00e3o (429); Condado (113); Conde (681); Congo (67); Coremas (126); Coxixola (29); Cruz do Esp\u00edrito Santo (269); Cubati (71); Cuit\u00e9 (159); Cuit\u00e9 de Mamanguape (103); Cuiteg\u00ed (344); Curral de Cima (24); Curral Velho (1),<\/p>\n\n\n\n<p>Dami\u00e3o (17); Desterro (50); Diamante (109); Dona In\u00eas (88); Duas Estradas (68); Emas (44); Esperan\u00e7a (415); Fagundes (86); Frei Martinho (6); Gado Bravo (94); Guarabira (3523); Gurinh\u00e9m (405); Gurj\u00e3o (22); Ibiara (44); Igaracy (8); Imaculada (39); Ing\u00e1 (1048); Itabaiana (995); Itaporanga (196); Itapororoca (647); Itatuba (302); Jacara\u00fa (288); Jeric\u00f3 (10); Jo\u00e3o Pessoa (22384); Joca Claudino (10); Juarez T\u00e1vora (271); Juazeirinho (157); Junco do Serid\u00f3 (42); Juripiranga (439); Juru (83); Lagoa (6); Lagoa de Dentro (116); Lagoa Seca (619); Lastro (16); Livramento (80); Logradouro (122); Lucena (347); M\u00e3e d\u2019\u00c1gua (18); Malta (86); Mamanguape (2103); Mana\u00edra (10); Marca\u00e7\u00e3o (274); Mari (1019); Mariz\u00f3polis (25); Massaranduba (309); Mataraca (155); Matinhas (70); Mato Grosso (14); Matureia (33); Mogeiro (144); Montadas (39); Monte Horebe (14); Monteiro (302); Mulungu (308); Natuba (51); Nazarezinho (34); Nova Floresta (53), Nova Olinda (15); Nova Palmeira (58); Olho D\u00b4\u00c1gua (39); Olivedos (75); Parari (5); Passagem (30); Patos (2800); Paulista (163); Pedra Branca (2); Pedra Lavrada (34); Pedras de Fogo (1228); Pedro R\u00e9gis (42); Pianc\u00f3 (142); Picu\u00ed (181); Pilar (280); Pil\u00f5es (93); Pil\u00f5ezinhos (228); Pirpirituba (264); Pitimbu (574); Pocinhos (130); Po\u00e7o Dantas (5); Po\u00e7o de Jos\u00e9 Moura (18); Pombal (391); Prata (5); Princesa Isabel (67); Puxinan\u00e3 (250); Queimadas (966); Quixaba (28); Rem\u00edgio (230); Riach\u00e3o (67); Riach\u00e3o do Bacamarte (221); Riach\u00e3o do Po\u00e7o (87); Riacho de Santo Ant\u00f4nio (28); Riacho dos Cavalos (12); Rio Tinto (985);<\/p>\n\n\n\n<p>Salgadinho (26); Salgado de S\u00e3o Felix (217); Santa Cec\u00edlia (65); Santa Cruz (49); Santa Helena (20); Santa In\u00eas (53); Santa Luzia (216); Santa Rita (2445); Santa Terezinha (53); Santana de Mangueira (5); Santana dos Garrotes (17); Santo Andr\u00e9 (14); S\u00e3o Bentinho (41); S\u00e3o Bento (1476); S\u00e3o Domingos do Cariri (45); S\u00e3o Francisco (33); S\u00e3o Jo\u00e3o do Cariri (95); S\u00e3o Jo\u00e3o do Rio do Peixe (215); S\u00e3o Jo\u00e3o do Tigre (10); S\u00e3o Jos\u00e9 da Lagoa Tapada (51); S\u00e3o Jos\u00e9 de Caiana (36); S\u00e3o Jos\u00e9 de Espinharas (31); S\u00e3o Jos\u00e9 de Piranhas (151); S\u00e3o Jos\u00e9 de Princesa (2); S\u00e3o Jos\u00e9 do Bonfim (58); S\u00e3o Jos\u00e9 do Brejo do Cruz (10); S\u00e3o Jos\u00e9 do Sabugi (207); S\u00e3o Jos\u00e9 dos Cordeiros (32); S\u00e3o Jos\u00e9 dos Ramos (224); S\u00e3o Mamede (38); S\u00e3o Miguel de Taipu (121); S\u00e3o Sebasti\u00e3o de Lagoa de Ro\u00e7a (200); S\u00e3o Sebasti\u00e3o do Umbuzeiro (8); S\u00e3o Vicente do Serid\u00f3 (46); Sap\u00e9 (912); Serra Branca (145); Serra da Ra\u00edz (18); Serra Grande (9); Serra Redonda (231); Serraria (140); Sert\u00e3ozinho (138); Sobrado (175); Sol\u00e2nea (380); Soledade (133); Sossego (9), Sousa (1304); Sum\u00e9 (214); Tacima (123); Tapero\u00e1 (67); Tavares (81); Teixeira (154); Ten\u00f3rio (14); Triunfo (45); Uira\u00fana (70); Umbuzeiro (73); V\u00e1rzea (14); Vieir\u00f3polis (5); Vista Serrana (5), Zabel\u00ea (24).<\/p>\n\n\n\n<p>*Dados oficiais preliminares (fonte: SIM, e-sus VE e SIVEP) extra\u00eddos \u00e0s 10h do dia 05\/08, sujeitos a altera\u00e7\u00e3o por parte dos munic\u00edpios.<\/p>\n\n\n\n<p>Os 21 \u00f3bitos registrados nesta quarta ocorreram entre 16 de maio e 05 de agosto, 06 deles nas \u00faltimas 48 horas. Os pacientes tinham idade entre 26 e 105 anos. Hipertens\u00e3o e diabetes foram as comorbidades mais frequentes e 04 n\u00e3o possu\u00edam nenhum fator de risco.<\/p>\n\n\n\n<p>Homem, 85 anos, residente em Cajazeiras. Portador de hipertens\u00e3o e diabetes. In\u00edcio dos sintomas em 22\/07\/2020. Foi a \u00f3bito em hospital p\u00fablico no dia 05\/08\/2020.<\/p>\n\n\n\n<p>Homem, 42 anos, residente em Cajazeiras. N\u00e3o possu\u00eda comorbidades. In\u00edcio dos sintomas em 21\/07\/2020. Foi a \u00f3bito em hospital p\u00fablico no dia 04\/08\/2020.<\/p>\n\n\n\n<p>Homem, 75 anos, residente em Malta. Hipertenso e portador de doen\u00e7a respirat\u00f3ria. In\u00edcio dos sintomas em 10\/07\/2020. Foi a \u00f3bito em hospital p\u00fablico no dia 04\/08\/2020.<\/p>\n\n\n\n<p>Homem, 71 anos, residente em Jo\u00e3o Pessoa. Hipertenso e diab\u00e9tico. In\u00edcio dos sintomas em 25\/06\/2020. Foi a \u00f3bito em hospital privado no dia 03\/08\/2020.<\/p>\n\n\n\n<p>Homem, 84 anos, residente em Jo\u00e3o Pessoa. Cardiopata. In\u00edcio dos sintomas em 03\/07\/2020. Foi a \u00f3bito em hospital p\u00fablico no dia 03\/08\/2020.<\/p>\n\n\n\n<p>Mulher, 87 anos, residente em Campina Grande. Diab\u00e9tica e cardiopata. In\u00edcio dos sintomas em 13\/07\/2020. Hipertensa. Foi a \u00f3bito em hospital p\u00fablico no dia 03\/08\/2020.<\/p>\n\n\n\n<p>Mulher, 56 anos, residente em Cai\u00e7ara. Hipertensa e diab\u00e9tica. In\u00edcio dos sintomas em 14\/07\/2020. Foi a \u00f3bito em hospital p\u00fablico no dia 02\/08\/2020.<\/p>\n\n\n\n<p>Mulher, 72 anos, residente em Ing\u00e1. Portadora de cardiopatia. In\u00edcio dos sintomas em 23\/07\/2020. Foi a \u00f3bito em hospital p\u00fablico no dia 31\/07\/2020.<\/p>\n\n\n\n<p>Mulher, 87 anos, residente em Cabedelo. Hipertensa. In\u00edcio dos sintomas em 28\/07\/2020. Foi a \u00f3bito em hospital p\u00fablico no dia 31\/07\/2020.<\/p>\n\n\n\n<p>Mulher, 65 anos, residente em campina Grande. Sem comorbidade. In\u00edcio dos sintomas em 28\/06\/2020. Foi a \u00f3bito em hospital p\u00fablico no dia 30\/07\/2020.<\/p>\n\n\n\n<p>Mulher, 66 anos, residente em Campina Grande. Diab\u00e9tica. In\u00edcio dos sintomas em 20\/07\/2020. Foi a \u00f3bito em hospital p\u00fablico no dia 30\/07\/2020.<\/p>\n\n\n\n<p>Mulher, 67 anos, residente em Jo\u00e3o Pessoa. In\u00edcio dos sintomas em 23\/07\/2020. Diab\u00e9tica e cardiopata. Foi a \u00f3bito em hospital p\u00fablico no dia 30\/07\/2020.<\/p>\n\n\n\n<p>Mulher, 90 anos, residente em Alagoa Grande. In\u00edcio dos sintomas em 08\/07\/2020. Sem comorbidade. Foi a \u00f3bito em hospital p\u00fablico no dia 30\/07\/2020.<\/p>\n\n\n\n<p>Homem, 91 anos, residente em Santa Rita. Hipertenso. In\u00edcio dos sintomas em 18\/07\/2020. Foi a \u00f3bito em hospital p\u00fablico no dia 30\/07\/2020.<\/p>\n\n\n\n<p>Mulher, 69 anos, residente em Campina Grande. In\u00edcio dos sintomas em 16\/07\/2020. Diab\u00e9tica e hipertensa. Foi a \u00f3bito em hospital p\u00fablico no dia 29\/07\/2020.<\/p>\n\n\n\n<p>Homem, 80 anos, residente em Campina Grande. In\u00edcio dos sintomas em 26\/06\/2020. cardiopata. Foi a \u00f3bito em hospital p\u00fablico no dia 29\/07\/2020.<\/p>\n\n\n\n<p>Mulher, 92 anos, residente em Campina Grande. Portadora de doen\u00e7a renal. In\u00edcio dos sintomas em 16\/07\/2020. Foi a \u00f3bito em hospital p\u00fablico no dia 29\/07\/2020.<\/p>\n\n\n\n<p>Homem, 77 anos, residente em Jo\u00e3o Pessoa. In\u00edcio dos sintomas em 08\/07\/2020. Portador de doen\u00e7a neurol\u00f3gica. Foi a \u00f3bito em hospital p\u00fablico no dia 28\/07\/2020.<\/p>\n\n\n\n<p>Homem, 26 anos, residente em Cabedelo. Portador de doen\u00e7a neurol\u00f3gica. In\u00edcio dos sintomas em 25\/05\/2020. Foi a \u00f3bito em hospital p\u00fablico no dia 14\/07\/2020.<\/p>\n\n\n\n<p>Homem, 76 anos, residente em Guarabira. Portador de doen\u00e7a respirat\u00f3ria. In\u00edcio dos sintomas em 08\/06\/2020. Foi a \u00f3bito em hospital p\u00fablico no dia 03\/07\/2020.<\/p>\n\n\n\n<p>Mulher, 105 anos, residente em Jo\u00e3o Pessoa. In\u00edcio dos sintomas em 12\/05\/2020. Sem comorbidades. Foi a \u00f3bito em hospital p\u00fablico no dia 16\/05\/2020.<\/p>\n","protected":false},"excerpt":{"rendered":"<p>Nesta quarta, a Para\u00edba registrou 1.311 novos casos de Covid-19 e 21 \u00f3bitos confirmados desde a \u00faltima atualiza\u00e7\u00e3o, 03 deles ocorridos nas \u00faltimas 24h. At\u00e9&hellip; <\/p>\n","protected":false},"author":2,"featured_media":182512,"comment_status":"closed","ping_status":"closed","sticky":false,"template":"","format":"standard","meta":{"sfsi_plus_gutenberg_text_before_share":"","sfsi_plus_gutenberg_show_text_before_share":"","sfsi_plus_gutenberg_icon_type":"","sfsi_plus_gutenberg_icon_alignemt":"","sfsi_plus_gutenburg_max_per_row":"","footnotes":""},"categories":[2],"tags":[],"class_list":["post-182511","post","type-post","status-publish","format-standard","has-post-thumbnail","hentry","category-geral"],"_links":{"self":[{"href":"https:\/\/www.caririemacao.com\/1\/wp-json\/wp\/v2\/posts\/182511","targetHints":{"allow":["GET"]}}],"collection":[{"href":"https:\/\/www.caririemacao.com\/1\/wp-json\/wp\/v2\/posts"}],"about":[{"href":"https:\/\/www.caririemacao.com\/1\/wp-json\/wp\/v2\/types\/post"}],"author":[{"embeddable":true,"href":"https:\/\/www.caririemacao.com\/1\/wp-json\/wp\/v2\/users\/2"}],"replies":[{"embeddable":true,"href":"https:\/\/www.caririemacao.com\/1\/wp-json\/wp\/v2\/comments?post=182511"}],"version-history":[{"count":1,"href":"https:\/\/www.caririemacao.com\/1\/wp-json\/wp\/v2\/posts\/182511\/revisions"}],"predecessor-version":[{"id":182513,"href":"https:\/\/www.caririemacao.com\/1\/wp-json\/wp\/v2\/posts\/182511\/revisions\/182513"}],"wp:featuredmedia":[{"embeddable":true,"href":"https:\/\/www.caririemacao.com\/1\/wp-json\/wp\/v2\/media\/182512"}],"wp:attachment":[{"href":"https:\/\/www.caririemacao.com\/1\/wp-json\/wp\/v2\/media?parent=182511"}],"wp:term":[{"taxonomy":"category","embeddable":true,"href":"https:\/\/www.caririemacao.com\/1\/wp-json\/wp\/v2\/categories?post=182511"},{"taxonomy":"post_tag","embeddable":true,"href":"https:\/\/www.caririemacao.com\/1\/wp-json\/wp\/v2\/tags?post=182511"}],"curies":[{"name":"wp","href":"https:\/\/api.w.org\/{rel}","templated":true}]}}