{"id":182722,"date":"2020-08-09T10:36:19","date_gmt":"2020-08-09T13:36:19","guid":{"rendered":"https:\/\/www.caririemacao.com\/1\/?p=182722"},"modified":"2020-08-09T12:21:52","modified_gmt":"2020-08-09T15:21:52","slug":"prefeitura-de-caraubas-adquire-duas-novas-ambulancias-para-o-municipio","status":"publish","type":"post","link":"https:\/\/www.caririemacao.com\/1\/2020\/08\/09\/prefeitura-de-caraubas-adquire-duas-novas-ambulancias-para-o-municipio\/","title":{"rendered":"Prefeitura de Cara\u00fabas adquire duas novas  ambul\u00e2ncias para o munic\u00edpio"},"content":{"rendered":"\n<p>A Prefeitura Municipal de Cara\u00fabas, adquiriu nesta semana, novos ve\u00edculos de ambul\u00e2ncias que ir\u00e3o atender \u00e0s necessidades da popula\u00e7\u00e3o caraubense. <\/p>\n\n\n\n<p>&#8220;A Sa\u00fade do munic\u00edpio de Cara\u00fabas vive um novo momento. Al\u00e9m da assist\u00eancia m\u00e9dico hospitalar foram adquiridos novos ve\u00edculos ambul\u00e2ncias para atender as necessidades da popula\u00e7\u00e3o. \u00c9 respeito e dignidade para quem mais precisa. \u00c9 a Prefeitura trabalhando para garantir mais conforto e comodidade aos pacientes que necessitem de transporte para outros centros de refer\u00eancia. A sa\u00fade \u00e9 tratada como prioridade pensando no Futuro de nossa gente!&#8221;, Seplacom. <\/p>\n","protected":false},"excerpt":{"rendered":"<p>A Prefeitura Municipal de Cara\u00fabas, adquiriu nesta semana, novos ve\u00edculos de ambul\u00e2ncias que ir\u00e3o atender \u00e0s necessidades da popula\u00e7\u00e3o caraubense. &#8220;A Sa\u00fade do munic\u00edpio de&hellip; <\/p>\n","protected":false},"author":1,"featured_media":182723,"comment_status":"closed","ping_status":"closed","sticky":false,"template":"","format":"standard","meta":{"sfsi_plus_gutenberg_text_before_share":"","sfsi_plus_gutenberg_show_text_before_share":"","sfsi_plus_gutenberg_icon_type":"","sfsi_plus_gutenberg_icon_alignemt":"","sfsi_plus_gutenburg_max_per_row":"","footnotes":""},"categories":[6],"tags":[],"class_list":["post-182722","post","type-post","status-publish","format-standard","has-post-thumbnail","hentry","category-cidades"],"_links":{"self":[{"href":"https:\/\/www.caririemacao.com\/1\/wp-json\/wp\/v2\/posts\/182722","targetHints":{"allow":["GET"]}}],"collection":[{"href":"https:\/\/www.caririemacao.com\/1\/wp-json\/wp\/v2\/posts"}],"about":[{"href":"https:\/\/www.caririemacao.com\/1\/wp-json\/wp\/v2\/types\/post"}],"author":[{"embeddable":true,"href":"https:\/\/www.caririemacao.com\/1\/wp-json\/wp\/v2\/users\/1"}],"replies":[{"embeddable":true,"href":"https:\/\/www.caririemacao.com\/1\/wp-json\/wp\/v2\/comments?post=182722"}],"version-history":[{"count":2,"href":"https:\/\/www.caririemacao.com\/1\/wp-json\/wp\/v2\/posts\/182722\/revisions"}],"predecessor-version":[{"id":182768,"href":"https:\/\/www.caririemacao.com\/1\/wp-json\/wp\/v2\/posts\/182722\/revisions\/182768"}],"wp:featuredmedia":[{"embeddable":true,"href":"https:\/\/www.caririemacao.com\/1\/wp-json\/wp\/v2\/media\/182723"}],"wp:attachment":[{"href":"https:\/\/www.caririemacao.com\/1\/wp-json\/wp\/v2\/media?parent=182722"}],"wp:term":[{"taxonomy":"category","embeddable":true,"href":"https:\/\/www.caririemacao.com\/1\/wp-json\/wp\/v2\/categories?post=182722"},{"taxonomy":"post_tag","embeddable":true,"href":"https:\/\/www.caririemacao.com\/1\/wp-json\/wp\/v2\/tags?post=182722"}],"curies":[{"name":"wp","href":"https:\/\/api.w.org\/{rel}","templated":true}]}}