{"id":182725,"date":"2020-08-09T10:41:40","date_gmt":"2020-08-09T13:41:40","guid":{"rendered":"https:\/\/www.caririemacao.com\/1\/?p=182725"},"modified":"2020-08-09T10:41:40","modified_gmt":"2020-08-09T13:41:40","slug":"caraubas-criadores-de-caprinos-e-ovinos-ganham-assistencia-tecnica-agricola-do-senar","status":"publish","type":"post","link":"https:\/\/www.caririemacao.com\/1\/2020\/08\/09\/caraubas-criadores-de-caprinos-e-ovinos-ganham-assistencia-tecnica-agricola-do-senar\/","title":{"rendered":"Cara\u00fabas: criadores de caprinos e ovinos ganham assist\u00eancia t\u00e9cnica agr\u00edcola do SENAR"},"content":{"rendered":"\n<p>A Prefeitura Municipal de Cara\u00fabas, comunicou neste s\u00e1bado 08, que os criadores de caprinos e ovinos de corte do munic\u00edpio passar\u00e3o a ter assist\u00eancia t\u00e9cnica agr\u00edcola do SENAR. <\/p>\n\n\n\n<p>&#8220;Os criadores de caprinos e ovinos de corte do munic\u00edpio Caraubas passar\u00e3o a ter assist\u00eancia t\u00e9cnica agr\u00edcola do SENAR. Numa parceria com a Prefeitura de Cara\u00fabas 30(trinta) pecuaristas ter\u00e3o orienta\u00e7\u00e3o de t\u00e9cnico em agropecu\u00e1ria e zootecnista para o melhoramento sanit\u00e1rio e gen\u00e9tico do rebanho. A Secretaria da Agricultura trabalha na assist\u00eancia ao homem do campo pensando no Futuro de nossa gente&#8221;, Seplacom. <\/p>\n","protected":false},"excerpt":{"rendered":"<p>A Prefeitura Municipal de Cara\u00fabas, comunicou neste s\u00e1bado 08, que os criadores de caprinos e ovinos de corte do munic\u00edpio passar\u00e3o a ter assist\u00eancia t\u00e9cnica&hellip; <\/p>\n","protected":false},"author":1,"featured_media":182726,"comment_status":"closed","ping_status":"closed","sticky":false,"template":"","format":"standard","meta":{"sfsi_plus_gutenberg_text_before_share":"","sfsi_plus_gutenberg_show_text_before_share":"","sfsi_plus_gutenberg_icon_type":"","sfsi_plus_gutenberg_icon_alignemt":"","sfsi_plus_gutenburg_max_per_row":"","footnotes":""},"categories":[6],"tags":[],"class_list":["post-182725","post","type-post","status-publish","format-standard","has-post-thumbnail","hentry","category-cidades"],"_links":{"self":[{"href":"https:\/\/www.caririemacao.com\/1\/wp-json\/wp\/v2\/posts\/182725","targetHints":{"allow":["GET"]}}],"collection":[{"href":"https:\/\/www.caririemacao.com\/1\/wp-json\/wp\/v2\/posts"}],"about":[{"href":"https:\/\/www.caririemacao.com\/1\/wp-json\/wp\/v2\/types\/post"}],"author":[{"embeddable":true,"href":"https:\/\/www.caririemacao.com\/1\/wp-json\/wp\/v2\/users\/1"}],"replies":[{"embeddable":true,"href":"https:\/\/www.caririemacao.com\/1\/wp-json\/wp\/v2\/comments?post=182725"}],"version-history":[{"count":1,"href":"https:\/\/www.caririemacao.com\/1\/wp-json\/wp\/v2\/posts\/182725\/revisions"}],"predecessor-version":[{"id":182727,"href":"https:\/\/www.caririemacao.com\/1\/wp-json\/wp\/v2\/posts\/182725\/revisions\/182727"}],"wp:featuredmedia":[{"embeddable":true,"href":"https:\/\/www.caririemacao.com\/1\/wp-json\/wp\/v2\/media\/182726"}],"wp:attachment":[{"href":"https:\/\/www.caririemacao.com\/1\/wp-json\/wp\/v2\/media?parent=182725"}],"wp:term":[{"taxonomy":"category","embeddable":true,"href":"https:\/\/www.caririemacao.com\/1\/wp-json\/wp\/v2\/categories?post=182725"},{"taxonomy":"post_tag","embeddable":true,"href":"https:\/\/www.caririemacao.com\/1\/wp-json\/wp\/v2\/tags?post=182725"}],"curies":[{"name":"wp","href":"https:\/\/api.w.org\/{rel}","templated":true}]}}