{"id":182728,"date":"2020-08-09T10:44:16","date_gmt":"2020-08-09T13:44:16","guid":{"rendered":"https:\/\/www.caririemacao.com\/1\/?p=182728"},"modified":"2020-08-09T10:44:16","modified_gmt":"2020-08-09T13:44:16","slug":"sala-do-empreendedor-de-sume-mobiliza-empresas-para-receberem-estagiarios-do-programa-estadual-primeira-chance","status":"publish","type":"post","link":"https:\/\/www.caririemacao.com\/1\/2020\/08\/09\/sala-do-empreendedor-de-sume-mobiliza-empresas-para-receberem-estagiarios-do-programa-estadual-primeira-chance\/","title":{"rendered":"Sala do Empreendedor de Sum\u00e9 mobiliza empresas para receberem estagi\u00e1rios do Programa Estadual Primeira Chance"},"content":{"rendered":"\n<p>O Governo da Para\u00edba, por meio da Secretaria de Estado da Educa\u00e7\u00e3o, Ci\u00eancia e Tecnologia \u2013 SEECT-PB e a Ger\u00eancia Executiva da Educa\u00e7\u00e3o Profissional \u2013 GEEP, lan\u00e7ou edital de chamada p\u00fablica para cadastro de empresas interessadas em receberem estagi\u00e1rios bolsistas do programa estadual primeira chance.<\/p>\n\n\n\n<p>O Programa Estadual Primeira Chance visa incentivar a concess\u00e3o de est\u00e1gio, atividades de inicia\u00e7\u00e3o \u00e0 pr\u00e1tica profissional em institui\u00e7\u00f5es de ensino e primeira experi\u00eancia profissional.<\/p>\n\n\n\n<p>Esta semana, por meio da Sala do Empreendedor de Sum\u00e9 e o Servi\u00e7o de Informa\u00e7\u00e3o ao Cidad\u00e3o, aconteceu uma reuni\u00e3o de articula\u00e7\u00e3o com o professor e coordenador de est\u00e1gios, da Escola Cidad\u00e3 Integral T\u00e9cnica de Serra Branca, Fagner Jefferson de Ara\u00fajo, para que empresas possam receber estagi\u00e1rios bolsistas do munic\u00edpio de Sum\u00e9, estudantes da Escola T\u00e9cnica de Serra Branca, bem como de outros munic\u00edpios do Cariri, que s\u00e3o tamb\u00e9m alunos da referida Escola.<\/p>\n\n\n\n<p>As empresas interessadas em receber estagi\u00e1rios devem se enquadrar nos eixos que pedem no edital, que s\u00e3o produ\u00e7\u00e3o de moda e inform\u00e1tica para internet.<\/p>\n\n\n\n<p>Para os interessados em estagiar, as inscri\u00e7\u00f5es ocorrem at\u00e9 o dia 14 de agosto por meio do&nbsp;<a href=\"http:\/\/primeirachance.seect.pb.gov.br\/\">http:\/\/primeirachance.seect.pb.gov.br\/<\/a>. A documenta\u00e7\u00e3o comprobat\u00f3ria para participar do processo tamb\u00e9m podem ser realizadas por meio do site:&nbsp;<a href=\"http:\/\/primeirachance.seect.pb.gov.br\/\">http:\/\/primeirachance.seect.pb.gov.br\/<\/a>.<\/p>\n\n\n\n<p>Ascom PMS<\/p>\n","protected":false},"excerpt":{"rendered":"<p>O Governo da Para\u00edba, por meio da Secretaria de Estado da Educa\u00e7\u00e3o, Ci\u00eancia e Tecnologia \u2013 SEECT-PB e a Ger\u00eancia Executiva da Educa\u00e7\u00e3o Profissional \u2013&hellip; <\/p>\n","protected":false},"author":1,"featured_media":182729,"comment_status":"closed","ping_status":"closed","sticky":false,"template":"","format":"standard","meta":{"sfsi_plus_gutenberg_text_before_share":"","sfsi_plus_gutenberg_show_text_before_share":"","sfsi_plus_gutenberg_icon_type":"","sfsi_plus_gutenberg_icon_alignemt":"","sfsi_plus_gutenburg_max_per_row":"","footnotes":""},"categories":[6],"tags":[],"class_list":["post-182728","post","type-post","status-publish","format-standard","has-post-thumbnail","hentry","category-cidades"],"_links":{"self":[{"href":"https:\/\/www.caririemacao.com\/1\/wp-json\/wp\/v2\/posts\/182728","targetHints":{"allow":["GET"]}}],"collection":[{"href":"https:\/\/www.caririemacao.com\/1\/wp-json\/wp\/v2\/posts"}],"about":[{"href":"https:\/\/www.caririemacao.com\/1\/wp-json\/wp\/v2\/types\/post"}],"author":[{"embeddable":true,"href":"https:\/\/www.caririemacao.com\/1\/wp-json\/wp\/v2\/users\/1"}],"replies":[{"embeddable":true,"href":"https:\/\/www.caririemacao.com\/1\/wp-json\/wp\/v2\/comments?post=182728"}],"version-history":[{"count":1,"href":"https:\/\/www.caririemacao.com\/1\/wp-json\/wp\/v2\/posts\/182728\/revisions"}],"predecessor-version":[{"id":182730,"href":"https:\/\/www.caririemacao.com\/1\/wp-json\/wp\/v2\/posts\/182728\/revisions\/182730"}],"wp:featuredmedia":[{"embeddable":true,"href":"https:\/\/www.caririemacao.com\/1\/wp-json\/wp\/v2\/media\/182729"}],"wp:attachment":[{"href":"https:\/\/www.caririemacao.com\/1\/wp-json\/wp\/v2\/media?parent=182728"}],"wp:term":[{"taxonomy":"category","embeddable":true,"href":"https:\/\/www.caririemacao.com\/1\/wp-json\/wp\/v2\/categories?post=182728"},{"taxonomy":"post_tag","embeddable":true,"href":"https:\/\/www.caririemacao.com\/1\/wp-json\/wp\/v2\/tags?post=182728"}],"curies":[{"name":"wp","href":"https:\/\/api.w.org\/{rel}","templated":true}]}}