{"id":182734,"date":"2020-08-09T10:49:49","date_gmt":"2020-08-09T13:49:49","guid":{"rendered":"https:\/\/www.caririemacao.com\/1\/?p=182734"},"modified":"2020-08-09T10:49:49","modified_gmt":"2020-08-09T13:49:49","slug":"sume-distrito-de-pio-x-recebe-area-de-lazer-praca-jose-simoes-de-araujo","status":"publish","type":"post","link":"https:\/\/www.caririemacao.com\/1\/2020\/08\/09\/sume-distrito-de-pio-x-recebe-area-de-lazer-praca-jose-simoes-de-araujo\/","title":{"rendered":"Sum\u00e9: Distrito de Pio X recebe \u00e1rea de lazer, pra\u00e7a Jos\u00e9 Sim\u00f5es de Ara\u00fajo"},"content":{"rendered":"\n<p>O Distrito de Pio X recebeu da Prefeitura de Sum\u00e9 uma \u00e1rea de lazer, num espa\u00e7o p\u00fablico, que ser\u00e1 o novo ponto de encontro dos habitantes da localidade, a Pra\u00e7a Josemar Sim\u00f5es de Ara\u00fajo.<\/p>\n\n\n\n<p>A obra foi entregue pelo prefeito \u00c9den na manha de s\u00e1bado, 08 de agosto, e contou com a participa\u00e7\u00e3o do vice-prefeito Dr\u00f3, de moradores do distrito, dos secret\u00e1rios municipais, e da vereadora Br\u00edgida Xavier, dos vereadores Ant\u00f4nio Carlos Sarmento e Daniel L\u00eala e conselheiros do Or\u00e7amento Democr\u00e1tico Municipal (ODM).<\/p>\n\n\n\n<p>A pra\u00e7a \u00e9 um espa\u00e7o com estrutura moderna, arboriza\u00e7\u00e3o, brinquedos e equipamentos para o lazer e a melhoria da qualidade de vida dos moradores da localidade.<\/p>\n\n\n\n<figure class=\"wp-block-image\"><a href=\"https:\/\/www.sume.pb.gov.br\/wp-content\/uploads\/2020\/08\/IMG_1975.jpg\"><img decoding=\"async\" data-src=\"https:\/\/www.sume.pb.gov.br\/wp-content\/uploads\/2020\/08\/IMG_1975-300x200.jpg\" alt=\"\" src=\"data:image\/svg+xml;base64,PHN2ZyB3aWR0aD0iMSIgaGVpZ2h0PSIxIiB4bWxucz0iaHR0cDovL3d3dy53My5vcmcvMjAwMC9zdmciPjwvc3ZnPg==\" class=\"lazyload\" style=\"--smush-placeholder-width: 300px; --smush-placeholder-aspect-ratio: 300\/200;\" \/><\/a><\/figure>\n\n\n\n<figure class=\"wp-block-image\"><a href=\"https:\/\/www.sume.pb.gov.br\/wp-content\/uploads\/2020\/08\/IMG_1976.jpg\"><img decoding=\"async\" data-src=\"https:\/\/www.sume.pb.gov.br\/wp-content\/uploads\/2020\/08\/IMG_1976-300x200.jpg\" alt=\"\" src=\"data:image\/svg+xml;base64,PHN2ZyB3aWR0aD0iMSIgaGVpZ2h0PSIxIiB4bWxucz0iaHR0cDovL3d3dy53My5vcmcvMjAwMC9zdmciPjwvc3ZnPg==\" class=\"lazyload\" style=\"--smush-placeholder-width: 300px; --smush-placeholder-aspect-ratio: 300\/200;\" \/><\/a><\/figure>\n\n\n\n<figure class=\"wp-block-image\"><a href=\"https:\/\/www.sume.pb.gov.br\/wp-content\/uploads\/2020\/08\/IMG_2019.jpg\"><img decoding=\"async\" data-src=\"https:\/\/www.sume.pb.gov.br\/wp-content\/uploads\/2020\/08\/IMG_2019-300x200.jpg\" alt=\"\" src=\"data:image\/svg+xml;base64,PHN2ZyB3aWR0aD0iMSIgaGVpZ2h0PSIxIiB4bWxucz0iaHR0cDovL3d3dy53My5vcmcvMjAwMC9zdmciPjwvc3ZnPg==\" class=\"lazyload\" style=\"--smush-placeholder-width: 300px; --smush-placeholder-aspect-ratio: 300\/200;\" \/><\/a><\/figure>\n\n\n\n<p>A obra era uma antiga reivindica\u00e7\u00e3o da comunidade local e foi demandada pelos moradores, durante reuni\u00f5es da associa\u00e7\u00e3o do distrito com a participa\u00e7\u00e3o do prefeito \u00c9den em 2018 e novamente pleiteada na plen\u00e1ria do Or\u00e7amento Democr\u00e1tico Municipal em 2019, sendo ainda requerida pela C\u00e2mara Municipal, atrav\u00e9s da vereadora Br\u00edgida Xavier.<\/p>\n\n\n\n<p>O morador Anildo An\u00edzio disse que a obra \u00e9 uma grande conquista para eles. \u201cTeremos espa\u00e7os para nossas crian\u00e7as se divertirem e para atividades f\u00edsicas, s\u00f3 queremos agradecer ao prefeito \u00c9den, com ele, promessa feita \u00e9 promessa cumprida\u201d, declarou.<\/p>\n\n\n\n<figure class=\"wp-block-image\"><a href=\"https:\/\/www.sume.pb.gov.br\/wp-content\/uploads\/2020\/08\/IMG_2045.jpg\"><img decoding=\"async\" data-src=\"https:\/\/www.sume.pb.gov.br\/wp-content\/uploads\/2020\/08\/IMG_2045-300x200.jpg\" alt=\"\" src=\"data:image\/svg+xml;base64,PHN2ZyB3aWR0aD0iMSIgaGVpZ2h0PSIxIiB4bWxucz0iaHR0cDovL3d3dy53My5vcmcvMjAwMC9zdmciPjwvc3ZnPg==\" class=\"lazyload\" style=\"--smush-placeholder-width: 300px; --smush-placeholder-aspect-ratio: 300\/200;\" \/><\/a><\/figure>\n\n\n\n<figure class=\"wp-block-image\"><a href=\"https:\/\/www.sume.pb.gov.br\/wp-content\/uploads\/2020\/08\/IMG_2098.jpg\"><img decoding=\"async\" data-src=\"https:\/\/www.sume.pb.gov.br\/wp-content\/uploads\/2020\/08\/IMG_2098-300x200.jpg\" alt=\"\" src=\"data:image\/svg+xml;base64,PHN2ZyB3aWR0aD0iMSIgaGVpZ2h0PSIxIiB4bWxucz0iaHR0cDovL3d3dy53My5vcmcvMjAwMC9zdmciPjwvc3ZnPg==\" class=\"lazyload\" style=\"--smush-placeholder-width: 300px; --smush-placeholder-aspect-ratio: 300\/200;\" \/><\/a><\/figure>\n\n\n\n<figure class=\"wp-block-image\"><a href=\"https:\/\/www.sume.pb.gov.br\/wp-content\/uploads\/2020\/08\/IMG_2100.jpg\"><img decoding=\"async\" data-src=\"https:\/\/www.sume.pb.gov.br\/wp-content\/uploads\/2020\/08\/IMG_2100-300x200.jpg\" alt=\"\" src=\"data:image\/svg+xml;base64,PHN2ZyB3aWR0aD0iMSIgaGVpZ2h0PSIxIiB4bWxucz0iaHR0cDovL3d3dy53My5vcmcvMjAwMC9zdmciPjwvc3ZnPg==\" class=\"lazyload\" style=\"--smush-placeholder-width: 300px; --smush-placeholder-aspect-ratio: 300\/200;\" \/><\/a><\/figure>\n\n\n\n<p>Durante a solenidade, o prefeito destacou a homenagem feita a Josemar Sim\u00f5es de Ara\u00fajo, professor e morador do distrito que sempre buscou melhorias para o local. \u201cNa qualidade de cidad\u00e3o, ele sempre se preocupou no bem estar da comunidade, Josemar foi um grande exemplo, que zelava e se preocupava com todos da regi\u00e3o\u201d, declarou.<\/p>\n\n\n\n<p>\u00c9den disse ainda que seu governo tem se preocupado em criar espa\u00e7os que possam proporcionar lazer e conviv\u00eancia para as fam\u00edlias. \u201cAntigamente, alguns espa\u00e7os tinham apenas bares, e hoje precisamos de espa\u00e7os que possam acolher a todos, \u00e9 muito satisfat\u00f3rio ver o sorriso de uma crian\u00e7a brincando num lugar que foi planejado pensando nela tamb\u00e9m. Enquanto gestor, fico com a sensa\u00e7\u00e3o de dever cumprido\u201d, afirmou o prefeito.<\/p>\n\n\n\n<p><strong>Ascom\/PMS<\/strong><\/p>\n","protected":false},"excerpt":{"rendered":"<p>O Distrito de Pio X recebeu da Prefeitura de Sum\u00e9 uma \u00e1rea de lazer, num espa\u00e7o p\u00fablico, que ser\u00e1 o novo ponto de encontro dos&hellip; <\/p>\n","protected":false},"author":1,"featured_media":182735,"comment_status":"closed","ping_status":"closed","sticky":false,"template":"","format":"standard","meta":{"sfsi_plus_gutenberg_text_before_share":"","sfsi_plus_gutenberg_show_text_before_share":"","sfsi_plus_gutenberg_icon_type":"","sfsi_plus_gutenberg_icon_alignemt":"","sfsi_plus_gutenburg_max_per_row":"","footnotes":""},"categories":[6],"tags":[],"class_list":["post-182734","post","type-post","status-publish","format-standard","has-post-thumbnail","hentry","category-cidades"],"_links":{"self":[{"href":"https:\/\/www.caririemacao.com\/1\/wp-json\/wp\/v2\/posts\/182734","targetHints":{"allow":["GET"]}}],"collection":[{"href":"https:\/\/www.caririemacao.com\/1\/wp-json\/wp\/v2\/posts"}],"about":[{"href":"https:\/\/www.caririemacao.com\/1\/wp-json\/wp\/v2\/types\/post"}],"author":[{"embeddable":true,"href":"https:\/\/www.caririemacao.com\/1\/wp-json\/wp\/v2\/users\/1"}],"replies":[{"embeddable":true,"href":"https:\/\/www.caririemacao.com\/1\/wp-json\/wp\/v2\/comments?post=182734"}],"version-history":[{"count":1,"href":"https:\/\/www.caririemacao.com\/1\/wp-json\/wp\/v2\/posts\/182734\/revisions"}],"predecessor-version":[{"id":182736,"href":"https:\/\/www.caririemacao.com\/1\/wp-json\/wp\/v2\/posts\/182734\/revisions\/182736"}],"wp:featuredmedia":[{"embeddable":true,"href":"https:\/\/www.caririemacao.com\/1\/wp-json\/wp\/v2\/media\/182735"}],"wp:attachment":[{"href":"https:\/\/www.caririemacao.com\/1\/wp-json\/wp\/v2\/media?parent=182734"}],"wp:term":[{"taxonomy":"category","embeddable":true,"href":"https:\/\/www.caririemacao.com\/1\/wp-json\/wp\/v2\/categories?post=182734"},{"taxonomy":"post_tag","embeddable":true,"href":"https:\/\/www.caririemacao.com\/1\/wp-json\/wp\/v2\/tags?post=182734"}],"curies":[{"name":"wp","href":"https:\/\/api.w.org\/{rel}","templated":true}]}}