{"id":182737,"date":"2020-08-09T10:53:56","date_gmt":"2020-08-09T13:53:56","guid":{"rendered":"https:\/\/www.caririemacao.com\/1\/?p=182737"},"modified":"2020-08-09T10:53:56","modified_gmt":"2020-08-09T13:53:56","slug":"prefeitura-de-monteiro-flexiona-funcionamento-de-feira-livre-do-municipio","status":"publish","type":"post","link":"https:\/\/www.caririemacao.com\/1\/2020\/08\/09\/prefeitura-de-monteiro-flexiona-funcionamento-de-feira-livre-do-municipio\/","title":{"rendered":"Prefeitura de Monteiro flexiona funcionamento de Feira Livre do munic\u00edpio"},"content":{"rendered":"\n<p>A Prefeitura de Monteiro, atrav\u00e9s da Secret\u00e1ria de Sa\u00fade do Munic\u00edpio, divulgou nota flexibilizando a entrada para a Feira Livre do munic\u00edpio, que desde as medidas adotadas para o combate ao Covid-19, o local havia sido isolado e a entrada controlada.\u00a0 A partir desta quinta-feira, 6, o isolamento permanece, mas, a entrada est\u00e1 aberta \u00e0 popula\u00e7\u00e3o a equipe da Vigil\u00e2ncia em Sa\u00fade permanecer\u00e1 no local durante o dia, prestando apoio e orientando sobre as medidas de distanciamento, o uso obrigat\u00f3rio de m\u00e1scaras e oferecendo \u00e1lcool 70% aos comerciantes e clientes.<br>Confira a nota:<\/p>\n\n\n\n<p><br>PREFEITURA MUNICIPAL DE SA\u00daDE Secretaria de Sa\u00fade do Munic\u00edpio<br>NOTA INFORMATIVA<\/p>\n\n\n\n<p><br>A partir desta quinta-feira, 6, o acesso a Feira Livre e ao Mercado P\u00fablico, s\u00f3 ser\u00e1 necess\u00e1rio a higieniza\u00e7\u00e3o e uso de m\u00e1scaras, n\u00e3o havendo mais a necessidade da espera, ou seja, o rod\u00edzio (controle) de entrada e sa\u00edda.\u00a0<\/p>\n\n\n\n<p><br>Essa flexibiliza\u00e7\u00e3o permitir\u00e1 a isonomia entre todos os comerciantes da Feira Livre e dos demais estabelecimentos comerciais.<br>Atenciosamente,<br>PREFEITURA MUNICIPAL DE MONTEIRO Secretaria Municipal de Sa\u00fade<\/p>\n","protected":false},"excerpt":{"rendered":"<p>A Prefeitura de Monteiro, atrav\u00e9s da Secret\u00e1ria de Sa\u00fade do Munic\u00edpio, divulgou nota flexibilizando a entrada para a Feira Livre do munic\u00edpio, que desde as&hellip; <\/p>\n","protected":false},"author":1,"featured_media":182738,"comment_status":"closed","ping_status":"closed","sticky":false,"template":"","format":"standard","meta":{"sfsi_plus_gutenberg_text_before_share":"","sfsi_plus_gutenberg_show_text_before_share":"","sfsi_plus_gutenberg_icon_type":"","sfsi_plus_gutenberg_icon_alignemt":"","sfsi_plus_gutenburg_max_per_row":"","footnotes":""},"categories":[6],"tags":[],"class_list":["post-182737","post","type-post","status-publish","format-standard","has-post-thumbnail","hentry","category-cidades"],"_links":{"self":[{"href":"https:\/\/www.caririemacao.com\/1\/wp-json\/wp\/v2\/posts\/182737","targetHints":{"allow":["GET"]}}],"collection":[{"href":"https:\/\/www.caririemacao.com\/1\/wp-json\/wp\/v2\/posts"}],"about":[{"href":"https:\/\/www.caririemacao.com\/1\/wp-json\/wp\/v2\/types\/post"}],"author":[{"embeddable":true,"href":"https:\/\/www.caririemacao.com\/1\/wp-json\/wp\/v2\/users\/1"}],"replies":[{"embeddable":true,"href":"https:\/\/www.caririemacao.com\/1\/wp-json\/wp\/v2\/comments?post=182737"}],"version-history":[{"count":1,"href":"https:\/\/www.caririemacao.com\/1\/wp-json\/wp\/v2\/posts\/182737\/revisions"}],"predecessor-version":[{"id":182739,"href":"https:\/\/www.caririemacao.com\/1\/wp-json\/wp\/v2\/posts\/182737\/revisions\/182739"}],"wp:featuredmedia":[{"embeddable":true,"href":"https:\/\/www.caririemacao.com\/1\/wp-json\/wp\/v2\/media\/182738"}],"wp:attachment":[{"href":"https:\/\/www.caririemacao.com\/1\/wp-json\/wp\/v2\/media?parent=182737"}],"wp:term":[{"taxonomy":"category","embeddable":true,"href":"https:\/\/www.caririemacao.com\/1\/wp-json\/wp\/v2\/categories?post=182737"},{"taxonomy":"post_tag","embeddable":true,"href":"https:\/\/www.caririemacao.com\/1\/wp-json\/wp\/v2\/tags?post=182737"}],"curies":[{"name":"wp","href":"https:\/\/api.w.org\/{rel}","templated":true}]}}