{"id":182741,"date":"2020-08-09T11:00:08","date_gmt":"2020-08-09T14:00:08","guid":{"rendered":"https:\/\/www.caririemacao.com\/1\/?p=182741"},"modified":"2020-08-09T11:00:08","modified_gmt":"2020-08-09T14:00:08","slug":"a-tecnologia-esta-sendo-de-vital-importancia-diz-secretaria-de-educacao-sobre-atividades-da-rede-municipal-de-ensino","status":"publish","type":"post","link":"https:\/\/www.caririemacao.com\/1\/2020\/08\/09\/a-tecnologia-esta-sendo-de-vital-importancia-diz-secretaria-de-educacao-sobre-atividades-da-rede-municipal-de-ensino\/","title":{"rendered":"&#8220;A tecnologia est\u00e1 sendo de vital import\u00e2ncia&#8221; diz Secret\u00e1ria de Educa\u00e7\u00e3o sobre atividades da rede municipal de ensino"},"content":{"rendered":"\n<p>O per\u00edodo de distanciamento social, vivenciado pela popula\u00e7\u00e3o como medida preventiva \u00e0 dissemina\u00e7\u00e3o do novo coronav\u00edrus, n\u00e3o est\u00e1 sendo tempo perdido nem para a equipe da Secretaria Municipal de Educa\u00e7\u00e3o e nem para alunos da rede.<\/p>\n\n\n\n<p><br>\u00a0Aproveitando a oportunidade para refor\u00e7ar a aprendizagem em casa, estudantes de todo o munic\u00edpio est\u00e3o focados nas rotinas de conte\u00fado propostas pelas escolas. As aulas t\u00eam acontecido de forma virtual, por interm\u00e9dio de plataformas na internet e kits de atividades entregues nas unidades educacionais.\u00a0<br>MetodologiaA Secret\u00e1ria de Educa\u00e7\u00e3o do munic\u00edpio, Ana Lima, salienta que \u00e9 necess\u00e1rio pensar em estrat\u00e9gias para minimizar os impactos educacionais causados pelo isolamento social. \u201cDesenvolvemos v\u00eddeos e materiais complementares para que os alunos possam continuar os estudos domiciliares. Esses materiais s\u00e3o distribu\u00eddos atrav\u00e9s de redes sociais e plataformas online gratuitas e de f\u00e1cil acesso. Nesse momento, a tecnologia est\u00e1 sendo de vital import\u00e2ncia\u201d, complementa.<\/p>\n\n\n\n<p><br>Ainda de acordo com a secret\u00e1ria, a prioridade da administra\u00e7\u00e3o municipal tem sido preservar vidas. \u201cEstamos com as aulas presenciais paralisadas, mas, orientamos tanto os professores, como os gestores, servidores e alunos, para que continuemos interagindo. Existem planos de estudo e as plataformas para educa\u00e7\u00e3o a dist\u00e2ncia. Reconhe\u00e7o o grande trabalho dos profissionais da Educa\u00e7\u00e3o, a criatividade dos professores, e quero dizer aos nossos alunos que fiquem em casa, e continuem com as atividades em dia. Estamos juntos e mobilizados nesse momento, cada um fazendo a sua parte para superarmos essa situa\u00e7\u00e3o\u201d, enfatiza<\/p>\n\n\n\n<p><br>Rotina DiscenteMesmo em meio \u00e0 pandemia, Secretaria de Educa\u00e7\u00e3o segue com rotinas de atividades para os discentes atrav\u00e9s de Web reuni\u00f5es semanais e quinzenais com equipe de formadores e de supervisores para planejamento e elabora\u00e7\u00e3o das rotinas de atividades.\u00a0<br>J\u00e1 os professores t\u00eam tido web reuni\u00f5es para socializa\u00e7\u00e3o das rotinas de atividades e orienta\u00e7\u00f5es para produ\u00e7\u00f5es de v\u00eddeo aula. Nesta quarta e quinta-feira, 05 e 06 respectivamente, os educadores do 1\u00ba ao 5\u00ba ano participaram de mais uma forma\u00e7\u00e3o do Programa SOMA.<\/p>\n\n\n\n<p><br>Formadores, gestores, coordenadores participam ainda de web encontro semanal da Coordena\u00e7\u00e3o Geral do Programa Educar pra Valer com o articular Local para orientar\u00a0 a gest\u00e3o pedag\u00f3gica das escolas, web reuni\u00e3o quinzenal para direcionar o acompanhamento das atividades remotas, web reuni\u00e3o de forma\u00e7\u00e3o do Programa SOMA \u2013 PB.<\/p>\n\n\n\n<p><br>Nesta semana os gestores das escolas municipais participaram da primeira parte da web forma\u00e7\u00e3o em Parceria com o Programa Educar pra Valer e cerca de 100 professores, 1\u00ba ao 5\u00ba ano, v\u00e3o passar pela forma\u00e7\u00e3o continuada parte I e II distribu\u00edda em todo o m\u00eas de agosto e in\u00edcio de setembro.<\/p>\n\n\n\n<p><\/p>\n","protected":false},"excerpt":{"rendered":"<p>O per\u00edodo de distanciamento social, vivenciado pela popula\u00e7\u00e3o como medida preventiva \u00e0 dissemina\u00e7\u00e3o do novo coronav\u00edrus, n\u00e3o est\u00e1 sendo tempo perdido nem para a equipe&hellip; <\/p>\n","protected":false},"author":1,"featured_media":182742,"comment_status":"closed","ping_status":"closed","sticky":false,"template":"","format":"standard","meta":{"sfsi_plus_gutenberg_text_before_share":"","sfsi_plus_gutenberg_show_text_before_share":"","sfsi_plus_gutenberg_icon_type":"","sfsi_plus_gutenberg_icon_alignemt":"","sfsi_plus_gutenburg_max_per_row":"","footnotes":""},"categories":[6],"tags":[],"class_list":["post-182741","post","type-post","status-publish","format-standard","has-post-thumbnail","hentry","category-cidades"],"_links":{"self":[{"href":"https:\/\/www.caririemacao.com\/1\/wp-json\/wp\/v2\/posts\/182741","targetHints":{"allow":["GET"]}}],"collection":[{"href":"https:\/\/www.caririemacao.com\/1\/wp-json\/wp\/v2\/posts"}],"about":[{"href":"https:\/\/www.caririemacao.com\/1\/wp-json\/wp\/v2\/types\/post"}],"author":[{"embeddable":true,"href":"https:\/\/www.caririemacao.com\/1\/wp-json\/wp\/v2\/users\/1"}],"replies":[{"embeddable":true,"href":"https:\/\/www.caririemacao.com\/1\/wp-json\/wp\/v2\/comments?post=182741"}],"version-history":[{"count":1,"href":"https:\/\/www.caririemacao.com\/1\/wp-json\/wp\/v2\/posts\/182741\/revisions"}],"predecessor-version":[{"id":182743,"href":"https:\/\/www.caririemacao.com\/1\/wp-json\/wp\/v2\/posts\/182741\/revisions\/182743"}],"wp:featuredmedia":[{"embeddable":true,"href":"https:\/\/www.caririemacao.com\/1\/wp-json\/wp\/v2\/media\/182742"}],"wp:attachment":[{"href":"https:\/\/www.caririemacao.com\/1\/wp-json\/wp\/v2\/media?parent=182741"}],"wp:term":[{"taxonomy":"category","embeddable":true,"href":"https:\/\/www.caririemacao.com\/1\/wp-json\/wp\/v2\/categories?post=182741"},{"taxonomy":"post_tag","embeddable":true,"href":"https:\/\/www.caririemacao.com\/1\/wp-json\/wp\/v2\/tags?post=182741"}],"curies":[{"name":"wp","href":"https:\/\/api.w.org\/{rel}","templated":true}]}}