{"id":182744,"date":"2020-08-09T11:02:10","date_gmt":"2020-08-09T14:02:10","guid":{"rendered":"https:\/\/www.caririemacao.com\/1\/?p=182744"},"modified":"2020-08-09T11:02:10","modified_gmt":"2020-08-09T14:02:10","slug":"secretaria-de-saude-de-monteiro-adquire-tomografo-para-atender-a-populacao-durante-pandemia","status":"publish","type":"post","link":"https:\/\/www.caririemacao.com\/1\/2020\/08\/09\/secretaria-de-saude-de-monteiro-adquire-tomografo-para-atender-a-populacao-durante-pandemia\/","title":{"rendered":"Secretaria de Sa\u00fade de Monteiro adquire tom\u00f3grafo para atender a popula\u00e7\u00e3o durante pandemia"},"content":{"rendered":"\n<p>A Secretaria de Sa\u00fade do munic\u00edpio de Monteiro adquiriu um tom\u00f3grafo que atendender\u00e1 a popula\u00e7\u00e3o nos pr\u00f3ximos dias. O equipamento est\u00e1 em fase final de instala\u00e7\u00e3o.<\/p>\n\n\n\n<p>O Tom\u00f3grafo foi adquirido atrav\u00e9s de loca\u00e7\u00e3o no valor de 45.000,00 (Quarenta e Cinco mil reais), que ser\u00e1 pago por m\u00eas atrav\u00e9s de recursos federais, durantes 06 meses que corresponde ao per\u00edodo da pandemia, tendo em vista que o tom\u00f3grafo \u00e9 um dos equipamentos que fazem parte do processo de acompanhamento de pacientes testados positivos para covid-19.<\/p>\n\n\n\n<p>Para a secret\u00e1ria de sa\u00fade Ana Paula Oliveira, o desejo da gest\u00e3o era poder comprar o equipamento, por\u00e9m, o valor entrou na conta de custeio, dessa forma n\u00e3o pode ser realizado compra do equipamento, servindo apenas para ser usado para manuten\u00e7\u00e3o. Por esse motivo, optou-se por alugar o equipamento para n\u00e3o deixar os pacientes sem atendimento principalmente nesse per\u00edodo de pandemia.<\/p>\n\n\n\n<p>&nbsp;Para os pacientes que precisam realizar o exame, o agendamento est\u00e1 sendo realizado no Centro da Mulher e est\u00e1 previsto para que aconte\u00e7a cerca de 10 &nbsp;atendimentos de tomografia diariamente.<\/p>\n\n\n\n<p>A prefeita Anna Lorena, disse que esse investimento foi necess\u00e1rio e muito importante para todos, e trar\u00e1 mais qualidade de vida para a popula\u00e7\u00e3o que necessita desse exame. Disse ainda que Monteiro a cada dia investe mais e mais na sa\u00fade com exames, tratamentos, medica\u00e7\u00f5es e acompanhamentos, alguns destes j\u00e1 sendo realizados em nosso munic\u00edpio de forma pioneira na regi\u00e3o, e que os monteirenses n\u00e3o precisar\u00e3o mais, se deslocar para outras cidades em busca desses servi\u00e7os.<\/p>\n","protected":false},"excerpt":{"rendered":"<p>A Secretaria de Sa\u00fade do munic\u00edpio de Monteiro adquiriu um tom\u00f3grafo que atendender\u00e1 a popula\u00e7\u00e3o nos pr\u00f3ximos dias. O equipamento est\u00e1 em fase final de&hellip; <\/p>\n","protected":false},"author":1,"featured_media":182745,"comment_status":"closed","ping_status":"closed","sticky":false,"template":"","format":"standard","meta":{"sfsi_plus_gutenberg_text_before_share":"","sfsi_plus_gutenberg_show_text_before_share":"","sfsi_plus_gutenberg_icon_type":"","sfsi_plus_gutenberg_icon_alignemt":"","sfsi_plus_gutenburg_max_per_row":"","footnotes":""},"categories":[6],"tags":[],"class_list":["post-182744","post","type-post","status-publish","format-standard","has-post-thumbnail","hentry","category-cidades"],"_links":{"self":[{"href":"https:\/\/www.caririemacao.com\/1\/wp-json\/wp\/v2\/posts\/182744","targetHints":{"allow":["GET"]}}],"collection":[{"href":"https:\/\/www.caririemacao.com\/1\/wp-json\/wp\/v2\/posts"}],"about":[{"href":"https:\/\/www.caririemacao.com\/1\/wp-json\/wp\/v2\/types\/post"}],"author":[{"embeddable":true,"href":"https:\/\/www.caririemacao.com\/1\/wp-json\/wp\/v2\/users\/1"}],"replies":[{"embeddable":true,"href":"https:\/\/www.caririemacao.com\/1\/wp-json\/wp\/v2\/comments?post=182744"}],"version-history":[{"count":1,"href":"https:\/\/www.caririemacao.com\/1\/wp-json\/wp\/v2\/posts\/182744\/revisions"}],"predecessor-version":[{"id":182746,"href":"https:\/\/www.caririemacao.com\/1\/wp-json\/wp\/v2\/posts\/182744\/revisions\/182746"}],"wp:featuredmedia":[{"embeddable":true,"href":"https:\/\/www.caririemacao.com\/1\/wp-json\/wp\/v2\/media\/182745"}],"wp:attachment":[{"href":"https:\/\/www.caririemacao.com\/1\/wp-json\/wp\/v2\/media?parent=182744"}],"wp:term":[{"taxonomy":"category","embeddable":true,"href":"https:\/\/www.caririemacao.com\/1\/wp-json\/wp\/v2\/categories?post=182744"},{"taxonomy":"post_tag","embeddable":true,"href":"https:\/\/www.caririemacao.com\/1\/wp-json\/wp\/v2\/tags?post=182744"}],"curies":[{"name":"wp","href":"https:\/\/api.w.org\/{rel}","templated":true}]}}