{"id":182747,"date":"2020-08-09T11:04:41","date_gmt":"2020-08-09T14:04:41","guid":{"rendered":"https:\/\/www.caririemacao.com\/1\/?p=182747"},"modified":"2020-08-09T11:04:41","modified_gmt":"2020-08-09T14:04:41","slug":"monteiro-confirma-quatro-novos-casos-de-covid-19","status":"publish","type":"post","link":"https:\/\/www.caririemacao.com\/1\/2020\/08\/09\/monteiro-confirma-quatro-novos-casos-de-covid-19\/","title":{"rendered":"Monteiro confirma quatro novos casos de Covid-19"},"content":{"rendered":"\n<p>Nota Informativa\u00a0<br>Atualizada em 08\/08\/2020<\/p>\n\n\n\n<p><br>A Secretaria Municipal de Sa\u00fade de Monteiro informa que neste s\u00e1bado, 08, tivemos mais 04 (quatro) novos casos CONFIRMADOS para Covid-19.<\/p>\n\n\n\n<p><br>Sendo 02 (dois) casos do sexo feminino, de 03 e 12 anos e 02 (dois) casos de 46 e 63 anos de idade, do sexo masculino.\u00a0 Todos est\u00e3o sendo monitorados pela equipe de Vigil\u00e2ncia em Sa\u00fade do Munic\u00edpio, em isolamento domiciliar.\u00a0<\/p>\n\n\n\n<p><br>At\u00e9 esta data totalizamos, 04 (quatro) pacientes internos no Hospital Pedro I, em Campina Grande, todos em quadro est\u00e1veis.<\/p>\n\n\n\n<p><br>Atestamos que at\u00e9 esta data registramos 249 casos recuperados da COVID-19.<\/p>\n\n\n\n<p><br>Refor\u00e7amos a import\u00e2ncia de toda popula\u00e7\u00e3o seguir as orienta\u00e7\u00f5es do distanciamento social, o uso de m\u00e1scaras, a higieniza\u00e7\u00e3o das m\u00e3os e objetos com \u00e1lcool 70% e demais medidas apresentadas pela Secretaria de Sa\u00fade.\u00a0<\/p>\n","protected":false},"excerpt":{"rendered":"<p>Nota Informativa\u00a0Atualizada em 08\/08\/2020 A Secretaria Municipal de Sa\u00fade de Monteiro informa que neste s\u00e1bado, 08, tivemos mais 04 (quatro) novos casos CONFIRMADOS para Covid-19.&hellip; <\/p>\n","protected":false},"author":1,"featured_media":182748,"comment_status":"closed","ping_status":"closed","sticky":false,"template":"","format":"standard","meta":{"sfsi_plus_gutenberg_text_before_share":"","sfsi_plus_gutenberg_show_text_before_share":"","sfsi_plus_gutenberg_icon_type":"","sfsi_plus_gutenberg_icon_alignemt":"","sfsi_plus_gutenburg_max_per_row":"","footnotes":""},"categories":[6],"tags":[],"class_list":["post-182747","post","type-post","status-publish","format-standard","has-post-thumbnail","hentry","category-cidades"],"_links":{"self":[{"href":"https:\/\/www.caririemacao.com\/1\/wp-json\/wp\/v2\/posts\/182747","targetHints":{"allow":["GET"]}}],"collection":[{"href":"https:\/\/www.caririemacao.com\/1\/wp-json\/wp\/v2\/posts"}],"about":[{"href":"https:\/\/www.caririemacao.com\/1\/wp-json\/wp\/v2\/types\/post"}],"author":[{"embeddable":true,"href":"https:\/\/www.caririemacao.com\/1\/wp-json\/wp\/v2\/users\/1"}],"replies":[{"embeddable":true,"href":"https:\/\/www.caririemacao.com\/1\/wp-json\/wp\/v2\/comments?post=182747"}],"version-history":[{"count":1,"href":"https:\/\/www.caririemacao.com\/1\/wp-json\/wp\/v2\/posts\/182747\/revisions"}],"predecessor-version":[{"id":182749,"href":"https:\/\/www.caririemacao.com\/1\/wp-json\/wp\/v2\/posts\/182747\/revisions\/182749"}],"wp:featuredmedia":[{"embeddable":true,"href":"https:\/\/www.caririemacao.com\/1\/wp-json\/wp\/v2\/media\/182748"}],"wp:attachment":[{"href":"https:\/\/www.caririemacao.com\/1\/wp-json\/wp\/v2\/media?parent=182747"}],"wp:term":[{"taxonomy":"category","embeddable":true,"href":"https:\/\/www.caririemacao.com\/1\/wp-json\/wp\/v2\/categories?post=182747"},{"taxonomy":"post_tag","embeddable":true,"href":"https:\/\/www.caririemacao.com\/1\/wp-json\/wp\/v2\/tags?post=182747"}],"curies":[{"name":"wp","href":"https:\/\/api.w.org\/{rel}","templated":true}]}}