{"id":182752,"date":"2020-08-09T11:08:23","date_gmt":"2020-08-09T14:08:23","guid":{"rendered":"https:\/\/www.caririemacao.com\/1\/?p=182752"},"modified":"2020-08-09T11:08:23","modified_gmt":"2020-08-09T14:08:23","slug":"caraubas-registra-mais-um-caso-da-covid-18-e-mais-uma-pessoa-curada","status":"publish","type":"post","link":"https:\/\/www.caririemacao.com\/1\/2020\/08\/09\/caraubas-registra-mais-um-caso-da-covid-18-e-mais-uma-pessoa-curada\/","title":{"rendered":"Cara\u00fabas registra mais um caso da Covid-18 e mais uma pessoa curada"},"content":{"rendered":"\n<p>A Secretaria da Sa\u00fade de Cara\u00fabas e o Departamento de Vigil\u00e2ncia em sa\u00fade Epidemiol\u00f3gica. divulgaram no final da tarde de ontem o \u00faltimo boletim epidemiol\u00f3gico da semana. <\/p>\n\n\n\n<p>Foram 207(duzentos e sete) novos casos confirmados desde o in\u00edcio da testarem oficial dos quais 169(cento e sessenta e nove) casos foram negativados, 36(trinta e seis) casos confirmados e 02(dois) casos est\u00e3o sob investiga\u00e7\u00e3o. <\/p>\n\n\n\n<p>Destaque tamb\u00e9m para a quantidade de casos curados. Agora s\u00e3o 32(trinta e dois) casos curados dia 36(trinta e seis) confirmados. Existem ainda 05(cinco) casos sob investiga\u00e7\u00e3o. O caso curado \u00e9 de um jovem de 18 anos, residente no Distrito de Barreiras.<\/p>\n\n\n\n<p><br>J\u00e1 o caso positivo, trata-se de um senhor de 69 anos assintom\u00e1tico residente em Cara\u00fabas mas notificado no estado do Pernambuco.<\/p>\n","protected":false},"excerpt":{"rendered":"<p>A Secretaria da Sa\u00fade de Cara\u00fabas e o Departamento de Vigil\u00e2ncia em sa\u00fade Epidemiol\u00f3gica. divulgaram no final da tarde de ontem o \u00faltimo boletim epidemiol\u00f3gico&hellip; <\/p>\n","protected":false},"author":1,"featured_media":182753,"comment_status":"closed","ping_status":"closed","sticky":false,"template":"","format":"standard","meta":{"sfsi_plus_gutenberg_text_before_share":"","sfsi_plus_gutenberg_show_text_before_share":"","sfsi_plus_gutenberg_icon_type":"","sfsi_plus_gutenberg_icon_alignemt":"","sfsi_plus_gutenburg_max_per_row":"","footnotes":""},"categories":[6],"tags":[],"class_list":["post-182752","post","type-post","status-publish","format-standard","has-post-thumbnail","hentry","category-cidades"],"_links":{"self":[{"href":"https:\/\/www.caririemacao.com\/1\/wp-json\/wp\/v2\/posts\/182752","targetHints":{"allow":["GET"]}}],"collection":[{"href":"https:\/\/www.caririemacao.com\/1\/wp-json\/wp\/v2\/posts"}],"about":[{"href":"https:\/\/www.caririemacao.com\/1\/wp-json\/wp\/v2\/types\/post"}],"author":[{"embeddable":true,"href":"https:\/\/www.caririemacao.com\/1\/wp-json\/wp\/v2\/users\/1"}],"replies":[{"embeddable":true,"href":"https:\/\/www.caririemacao.com\/1\/wp-json\/wp\/v2\/comments?post=182752"}],"version-history":[{"count":1,"href":"https:\/\/www.caririemacao.com\/1\/wp-json\/wp\/v2\/posts\/182752\/revisions"}],"predecessor-version":[{"id":182754,"href":"https:\/\/www.caririemacao.com\/1\/wp-json\/wp\/v2\/posts\/182752\/revisions\/182754"}],"wp:featuredmedia":[{"embeddable":true,"href":"https:\/\/www.caririemacao.com\/1\/wp-json\/wp\/v2\/media\/182753"}],"wp:attachment":[{"href":"https:\/\/www.caririemacao.com\/1\/wp-json\/wp\/v2\/media?parent=182752"}],"wp:term":[{"taxonomy":"category","embeddable":true,"href":"https:\/\/www.caririemacao.com\/1\/wp-json\/wp\/v2\/categories?post=182752"},{"taxonomy":"post_tag","embeddable":true,"href":"https:\/\/www.caririemacao.com\/1\/wp-json\/wp\/v2\/tags?post=182752"}],"curies":[{"name":"wp","href":"https:\/\/api.w.org\/{rel}","templated":true}]}}