{"id":182755,"date":"2020-08-09T11:15:20","date_gmt":"2020-08-09T14:15:20","guid":{"rendered":"https:\/\/www.caririemacao.com\/1\/?p=182755"},"modified":"2020-08-09T11:15:20","modified_gmt":"2020-08-09T14:15:20","slug":"prefeito-e-vice-prefeito-de-caraubas-publicam-mensagem-em-homenagem-ao-dia-dos-pais","status":"publish","type":"post","link":"https:\/\/www.caririemacao.com\/1\/2020\/08\/09\/prefeito-e-vice-prefeito-de-caraubas-publicam-mensagem-em-homenagem-ao-dia-dos-pais\/","title":{"rendered":"Prefeito e vice- prefeito de Cara\u00fabas publicam mensagem em homenagem ao Dia dos Pais"},"content":{"rendered":"\n<p> O Prefeito Silvano Dudu, do munic\u00edpio de Cara\u00fabas, junto com o vice-prefeito, Z\u00e9 de Laura, publicaram neste domingo 09, uma mensagem em homenagem a todos os pais caraubenses, pelo Dia dos Pais. <\/p>\n\n\n\n<p>&#8220;O her\u00f3i de toda uma vida n\u00e3o \u00e9 protagonista de nenhuma hist\u00f3ria em quadrinhos, filme de a\u00e7\u00e3o ou lenda antiga. Pelo contr\u00e1rio, ele \u00e9 bem real e devemos nossa vida, pois o nosso her\u00f3i \u00e9 voc\u00ea, pai!&#8221;, disse o prefeito, Silvano Dudu. <\/p>\n\n\n\n<p>&#8220;Hoje, neste dia t\u00e3o especial em que celebramos a grandeza de todos os pais, quero homenagear todos os pais caraubenses, que durante toda uma vida demonstram ser os melhores pais. Algu\u00e9m que esteve sempre presente e constante, algu\u00e9m que foi a for\u00e7a e a estabilidade mesmo nos momentos mais dif\u00edceis.<br>Feliz dia dos pais, uma homenagem do prefeito Silvano Dudu e do vice prefeito Ze de Laura a todos os pais do munic\u00edpio de Cara\u00fabas!&#8221;, concluiu o prefeito. <\/p>\n","protected":false},"excerpt":{"rendered":"<p>O Prefeito Silvano Dudu, do munic\u00edpio de Cara\u00fabas, junto com o vice-prefeito, Z\u00e9 de Laura, publicaram neste domingo 09, uma mensagem em homenagem a todos&hellip; <\/p>\n","protected":false},"author":1,"featured_media":182756,"comment_status":"closed","ping_status":"closed","sticky":false,"template":"","format":"standard","meta":{"sfsi_plus_gutenberg_text_before_share":"","sfsi_plus_gutenberg_show_text_before_share":"","sfsi_plus_gutenberg_icon_type":"","sfsi_plus_gutenberg_icon_alignemt":"","sfsi_plus_gutenburg_max_per_row":"","footnotes":""},"categories":[6],"tags":[],"class_list":["post-182755","post","type-post","status-publish","format-standard","has-post-thumbnail","hentry","category-cidades"],"_links":{"self":[{"href":"https:\/\/www.caririemacao.com\/1\/wp-json\/wp\/v2\/posts\/182755","targetHints":{"allow":["GET"]}}],"collection":[{"href":"https:\/\/www.caririemacao.com\/1\/wp-json\/wp\/v2\/posts"}],"about":[{"href":"https:\/\/www.caririemacao.com\/1\/wp-json\/wp\/v2\/types\/post"}],"author":[{"embeddable":true,"href":"https:\/\/www.caririemacao.com\/1\/wp-json\/wp\/v2\/users\/1"}],"replies":[{"embeddable":true,"href":"https:\/\/www.caririemacao.com\/1\/wp-json\/wp\/v2\/comments?post=182755"}],"version-history":[{"count":1,"href":"https:\/\/www.caririemacao.com\/1\/wp-json\/wp\/v2\/posts\/182755\/revisions"}],"predecessor-version":[{"id":182757,"href":"https:\/\/www.caririemacao.com\/1\/wp-json\/wp\/v2\/posts\/182755\/revisions\/182757"}],"wp:featuredmedia":[{"embeddable":true,"href":"https:\/\/www.caririemacao.com\/1\/wp-json\/wp\/v2\/media\/182756"}],"wp:attachment":[{"href":"https:\/\/www.caririemacao.com\/1\/wp-json\/wp\/v2\/media?parent=182755"}],"wp:term":[{"taxonomy":"category","embeddable":true,"href":"https:\/\/www.caririemacao.com\/1\/wp-json\/wp\/v2\/categories?post=182755"},{"taxonomy":"post_tag","embeddable":true,"href":"https:\/\/www.caririemacao.com\/1\/wp-json\/wp\/v2\/tags?post=182755"}],"curies":[{"name":"wp","href":"https:\/\/api.w.org\/{rel}","templated":true}]}}