{"id":182758,"date":"2020-08-09T11:43:20","date_gmt":"2020-08-09T14:43:20","guid":{"rendered":"https:\/\/www.caririemacao.com\/1\/?p=182758"},"modified":"2020-08-09T11:43:20","modified_gmt":"2020-08-09T14:43:20","slug":"prefeito-inacio-nobrega-reuniu-se-com-secretarios-para-acompanhar-plenaria-virtual-do-ode-2020","status":"publish","type":"post","link":"https:\/\/www.caririemacao.com\/1\/2020\/08\/09\/prefeito-inacio-nobrega-reuniu-se-com-secretarios-para-acompanhar-plenaria-virtual-do-ode-2020\/","title":{"rendered":"Prefeito In\u00e1cio N\u00f3brega reuniu-se com Secret\u00e1rios para acompanhar Plen\u00e1ria virtual do ODE 2020"},"content":{"rendered":"\n<p>Na \u00faltima sexta-feira (07) o Prefeito In\u00e1cio N\u00f3brega esteve reunido junto ao secretariado e a conselheira do or\u00e7amento democr\u00e1tico estadual Nelma Cardoso para acompanhar a Plen\u00e1ria Virtual do ODE de 2020. Tamb\u00e9m se fizeram presentes os vereadores C\u00edcero Maciel e Duda Barnab\u00e9.<\/p>\n\n\n\n<figure class=\"wp-block-image\"><a href=\"https:\/\/1.bp.blogspot.com\/-bSguFiUlZn8\/Xy_w6svx7eI\/AAAAAAABQls\/rseaKtG8QUMcY5Nnocf80O0UZAxZnqMLQCLcBGAsYHQ\/s1600\/PLEN%25C3%2581RIA%2BVIRTUAL%2B%252816%2529.JPG\"><img decoding=\"async\" data-src=\"https:\/\/1.bp.blogspot.com\/-bSguFiUlZn8\/Xy_w6svx7eI\/AAAAAAABQls\/rseaKtG8QUMcY5Nnocf80O0UZAxZnqMLQCLcBGAsYHQ\/s640\/PLEN%25C3%2581RIA%2BVIRTUAL%2B%252816%2529.JPG\" alt=\"\" src=\"data:image\/svg+xml;base64,PHN2ZyB3aWR0aD0iMSIgaGVpZ2h0PSIxIiB4bWxucz0iaHR0cDovL3d3dy53My5vcmcvMjAwMC9zdmciPjwvc3ZnPg==\" class=\"lazyload\" \/><\/a><\/figure>\n\n\n\n<p>O Prefeito In\u00e1cio falou da import\u00e2ncia da participa\u00e7\u00e3o popular nas decis\u00f5es das pol\u00edticas p\u00fablicas do governo do estado para o munic\u00edpio, tendo em vista que o munic\u00edpio foi contemplado com a constru\u00e7\u00e3o de uma escola de ensino m\u00e9dio.<br>Temos at\u00e9 o pr\u00f3ximo dia 16 para darmos a nossa contribui\u00e7\u00e3o com novos pleitos a n\u00edvel regional e local, e para tanto, \u00e9 fundamental que a sociedade se inscreva no site do or\u00e7amento democr\u00e1tico e participe.<\/p>\n\n\n\n<figure class=\"wp-block-image\"><a href=\"https:\/\/1.bp.blogspot.com\/-93ZijaWy2iA\/Xy_xN8PeijI\/AAAAAAABQl8\/xppNx1yp8AQdrtv2nF9FS_RJ4kiWOUQzACLcBGAsYHQ\/s1600\/PLEN%25C3%2581RIA%2BVIRTUAL%2B%25282%2529.JPG\"><img decoding=\"async\" data-src=\"https:\/\/1.bp.blogspot.com\/-93ZijaWy2iA\/Xy_xN8PeijI\/AAAAAAABQl8\/xppNx1yp8AQdrtv2nF9FS_RJ4kiWOUQzACLcBGAsYHQ\/s640\/PLEN%25C3%2581RIA%2BVIRTUAL%2B%25282%2529.JPG\" alt=\"\" src=\"data:image\/svg+xml;base64,PHN2ZyB3aWR0aD0iMSIgaGVpZ2h0PSIxIiB4bWxucz0iaHR0cDovL3d3dy53My5vcmcvMjAwMC9zdmciPjwvc3ZnPg==\" class=\"lazyload\" \/><\/a><\/figure>\n\n\n\n<figure class=\"wp-block-image\"><a href=\"https:\/\/1.bp.blogspot.com\/-dC3gCRyDSVk\/Xy_xSTZNq1I\/AAAAAAABQmE\/N9l4_omEudU344td5H8J6W_irva-QYK9QCLcBGAsYHQ\/s1600\/PLEN%25C3%2581RIA%2BVIRTUAL%2B%25284%2529.JPG\"><img decoding=\"async\" data-src=\"https:\/\/1.bp.blogspot.com\/-dC3gCRyDSVk\/Xy_xSTZNq1I\/AAAAAAABQmE\/N9l4_omEudU344td5H8J6W_irva-QYK9QCLcBGAsYHQ\/s640\/PLEN%25C3%2581RIA%2BVIRTUAL%2B%25284%2529.JPG\" alt=\"\" src=\"data:image\/svg+xml;base64,PHN2ZyB3aWR0aD0iMSIgaGVpZ2h0PSIxIiB4bWxucz0iaHR0cDovL3d3dy53My5vcmcvMjAwMC9zdmciPjwvc3ZnPg==\" class=\"lazyload\" \/><\/a><\/figure>\n\n\n\n<figure class=\"wp-block-image\"><a href=\"https:\/\/1.bp.blogspot.com\/-RmcwoaweaU0\/Xy_xTZT4qCI\/AAAAAAABQmI\/4XjXNsvxs1U8RyOZHsElkTFjyeVRW-7mQCLcBGAsYHQ\/s1600\/PLEN%25C3%2581RIA%2BVIRTUAL%2B%25287%2529.JPG\"><img decoding=\"async\" data-src=\"https:\/\/1.bp.blogspot.com\/-RmcwoaweaU0\/Xy_xTZT4qCI\/AAAAAAABQmI\/4XjXNsvxs1U8RyOZHsElkTFjyeVRW-7mQCLcBGAsYHQ\/s640\/PLEN%25C3%2581RIA%2BVIRTUAL%2B%25287%2529.JPG\" alt=\"\" src=\"data:image\/svg+xml;base64,PHN2ZyB3aWR0aD0iMSIgaGVpZ2h0PSIxIiB4bWxucz0iaHR0cDovL3d3dy53My5vcmcvMjAwMC9zdmciPjwvc3ZnPg==\" class=\"lazyload\" \/><\/a><\/figure>\n\n\n\n<p>Com Amparo Ligado <\/p>\n","protected":false},"excerpt":{"rendered":"<p>Na \u00faltima sexta-feira (07) o Prefeito In\u00e1cio N\u00f3brega esteve reunido junto ao secretariado e a conselheira do or\u00e7amento democr\u00e1tico estadual Nelma Cardoso para acompanhar a&hellip; <\/p>\n","protected":false},"author":1,"featured_media":182759,"comment_status":"closed","ping_status":"closed","sticky":false,"template":"","format":"standard","meta":{"sfsi_plus_gutenberg_text_before_share":"","sfsi_plus_gutenberg_show_text_before_share":"","sfsi_plus_gutenberg_icon_type":"","sfsi_plus_gutenberg_icon_alignemt":"","sfsi_plus_gutenburg_max_per_row":"","footnotes":""},"categories":[6],"tags":[],"class_list":["post-182758","post","type-post","status-publish","format-standard","has-post-thumbnail","hentry","category-cidades"],"_links":{"self":[{"href":"https:\/\/www.caririemacao.com\/1\/wp-json\/wp\/v2\/posts\/182758","targetHints":{"allow":["GET"]}}],"collection":[{"href":"https:\/\/www.caririemacao.com\/1\/wp-json\/wp\/v2\/posts"}],"about":[{"href":"https:\/\/www.caririemacao.com\/1\/wp-json\/wp\/v2\/types\/post"}],"author":[{"embeddable":true,"href":"https:\/\/www.caririemacao.com\/1\/wp-json\/wp\/v2\/users\/1"}],"replies":[{"embeddable":true,"href":"https:\/\/www.caririemacao.com\/1\/wp-json\/wp\/v2\/comments?post=182758"}],"version-history":[{"count":1,"href":"https:\/\/www.caririemacao.com\/1\/wp-json\/wp\/v2\/posts\/182758\/revisions"}],"predecessor-version":[{"id":182760,"href":"https:\/\/www.caririemacao.com\/1\/wp-json\/wp\/v2\/posts\/182758\/revisions\/182760"}],"wp:featuredmedia":[{"embeddable":true,"href":"https:\/\/www.caririemacao.com\/1\/wp-json\/wp\/v2\/media\/182759"}],"wp:attachment":[{"href":"https:\/\/www.caririemacao.com\/1\/wp-json\/wp\/v2\/media?parent=182758"}],"wp:term":[{"taxonomy":"category","embeddable":true,"href":"https:\/\/www.caririemacao.com\/1\/wp-json\/wp\/v2\/categories?post=182758"},{"taxonomy":"post_tag","embeddable":true,"href":"https:\/\/www.caririemacao.com\/1\/wp-json\/wp\/v2\/tags?post=182758"}],"curies":[{"name":"wp","href":"https:\/\/api.w.org\/{rel}","templated":true}]}}