{"id":182762,"date":"2020-08-09T12:02:22","date_gmt":"2020-08-09T15:02:22","guid":{"rendered":"https:\/\/www.caririemacao.com\/1\/?p=182762"},"modified":"2020-08-09T12:02:22","modified_gmt":"2020-08-09T15:02:22","slug":"vice-prefeito-do-municipio-de-ouro-velho-publica-mensagem-em-homenagem-ao-dia-dos-pais","status":"publish","type":"post","link":"https:\/\/www.caririemacao.com\/1\/2020\/08\/09\/vice-prefeito-do-municipio-de-ouro-velho-publica-mensagem-em-homenagem-ao-dia-dos-pais\/","title":{"rendered":"Vice-prefeito do munic\u00edpio de Ouro Velho publica mensagem em homenagem ao Dia dos Pais"},"content":{"rendered":"\n<p>O vice-prefeito do Munic\u00edpio de Ouro Velho, Fl\u00e1vio Henrique, publicou uma mensagem homenageando todos os pais do munic\u00edpio.<\/p>\n\n\n\n<p>&#8220;N\u00e3o poder\u00edamos deixar de homenagear nossos pais que dedicam parte de suas vidas a fam\u00edlia, com intuito de contribuir para o futuro e felicidade dos seus filhos. Queria nesse dia dedicado aos pais levar meu abra\u00e7o a cada pai, especialmente aos pais de\u00a0Ouro Velho\u00a0e dizer que ser pai \u00e9 plantar ra\u00edzes, \u00e9 ensinar segurando a m\u00e3o com coragem e determina\u00e7\u00e3o. Ser pai \u00e9 ser companheiro, construindo no ninho familiar a grandeza dos filhos, para alicer\u00e7ar valores que edificam a sociedade. Ser pai \u00e9 ser fonte de vida, declamando com carinho os versos de sua viv\u00eancia, para cultivar e enobrecer os projetos da nossa exist\u00eancia.Desejamos a todos os pais, e em especial os pais de Ouro velho uma vida de luz, paz e harmonia, que o Senhor Jesus Pai maior vos ilumine. Um abra\u00e7o fraterno a todos&#8221;, concluiu o vice-prefeito.<\/p>\n\n\n\n<p>Mensagem do Vice-prefeito de Ouro velho\/PB Fl\u00e1vio Henrique(IKE).<\/p>\n","protected":false},"excerpt":{"rendered":"<p>O vice-prefeito do Munic\u00edpio de Ouro Velho, Fl\u00e1vio Henrique, publicou uma mensagem homenageando todos os pais do munic\u00edpio. &#8220;N\u00e3o poder\u00edamos deixar de homenagear nossos pais&hellip; <\/p>\n","protected":false},"author":1,"featured_media":182765,"comment_status":"closed","ping_status":"closed","sticky":false,"template":"","format":"standard","meta":{"sfsi_plus_gutenberg_text_before_share":"","sfsi_plus_gutenberg_show_text_before_share":"","sfsi_plus_gutenberg_icon_type":"","sfsi_plus_gutenberg_icon_alignemt":"","sfsi_plus_gutenburg_max_per_row":"","footnotes":""},"categories":[6],"tags":[],"class_list":["post-182762","post","type-post","status-publish","format-standard","has-post-thumbnail","hentry","category-cidades"],"_links":{"self":[{"href":"https:\/\/www.caririemacao.com\/1\/wp-json\/wp\/v2\/posts\/182762","targetHints":{"allow":["GET"]}}],"collection":[{"href":"https:\/\/www.caririemacao.com\/1\/wp-json\/wp\/v2\/posts"}],"about":[{"href":"https:\/\/www.caririemacao.com\/1\/wp-json\/wp\/v2\/types\/post"}],"author":[{"embeddable":true,"href":"https:\/\/www.caririemacao.com\/1\/wp-json\/wp\/v2\/users\/1"}],"replies":[{"embeddable":true,"href":"https:\/\/www.caririemacao.com\/1\/wp-json\/wp\/v2\/comments?post=182762"}],"version-history":[{"count":2,"href":"https:\/\/www.caririemacao.com\/1\/wp-json\/wp\/v2\/posts\/182762\/revisions"}],"predecessor-version":[{"id":182766,"href":"https:\/\/www.caririemacao.com\/1\/wp-json\/wp\/v2\/posts\/182762\/revisions\/182766"}],"wp:featuredmedia":[{"embeddable":true,"href":"https:\/\/www.caririemacao.com\/1\/wp-json\/wp\/v2\/media\/182765"}],"wp:attachment":[{"href":"https:\/\/www.caririemacao.com\/1\/wp-json\/wp\/v2\/media?parent=182762"}],"wp:term":[{"taxonomy":"category","embeddable":true,"href":"https:\/\/www.caririemacao.com\/1\/wp-json\/wp\/v2\/categories?post=182762"},{"taxonomy":"post_tag","embeddable":true,"href":"https:\/\/www.caririemacao.com\/1\/wp-json\/wp\/v2\/tags?post=182762"}],"curies":[{"name":"wp","href":"https:\/\/api.w.org\/{rel}","templated":true}]}}