{"id":182767,"date":"2020-08-09T12:27:24","date_gmt":"2020-08-09T15:27:24","guid":{"rendered":"https:\/\/www.caririemacao.com\/1\/?p=182767"},"modified":"2020-08-09T12:27:24","modified_gmt":"2020-08-09T15:27:24","slug":"prefeito-de-amparo-publica-mensagem-em-homenagem-ao-dia-dos-pais","status":"publish","type":"post","link":"https:\/\/www.caririemacao.com\/1\/2020\/08\/09\/prefeito-de-amparo-publica-mensagem-em-homenagem-ao-dia-dos-pais\/","title":{"rendered":"Prefeito de Amparo publica mensagem em homenagem ao Dia dos Pais"},"content":{"rendered":"\n<p>O Prefeito do Munic\u00edpio de Amparo, In\u00e1cio N\u00f3brega, publicou em suas redes sociais neste domingo 09, uma foto com sua fam\u00edlia e uma mensagem em homenagem ao Dia dos Pais. <\/p>\n\n\n\n<p>&#8220;Um Pai \u00e9 um Her\u00f3i e o grande exemplo de vida dos seus Filhos. Feliz Dia dos Pais!&#8221; disse o prefeito. <\/p>\n","protected":false},"excerpt":{"rendered":"<p>O Prefeito do Munic\u00edpio de Amparo, In\u00e1cio N\u00f3brega, publicou em suas redes sociais neste domingo 09, uma foto com sua fam\u00edlia e uma mensagem em&hellip; <\/p>\n","protected":false},"author":1,"featured_media":182769,"comment_status":"closed","ping_status":"closed","sticky":false,"template":"","format":"standard","meta":{"sfsi_plus_gutenberg_text_before_share":"","sfsi_plus_gutenberg_show_text_before_share":"","sfsi_plus_gutenberg_icon_type":"","sfsi_plus_gutenberg_icon_alignemt":"","sfsi_plus_gutenburg_max_per_row":"","footnotes":""},"categories":[6],"tags":[],"class_list":["post-182767","post","type-post","status-publish","format-standard","has-post-thumbnail","hentry","category-cidades"],"_links":{"self":[{"href":"https:\/\/www.caririemacao.com\/1\/wp-json\/wp\/v2\/posts\/182767","targetHints":{"allow":["GET"]}}],"collection":[{"href":"https:\/\/www.caririemacao.com\/1\/wp-json\/wp\/v2\/posts"}],"about":[{"href":"https:\/\/www.caririemacao.com\/1\/wp-json\/wp\/v2\/types\/post"}],"author":[{"embeddable":true,"href":"https:\/\/www.caririemacao.com\/1\/wp-json\/wp\/v2\/users\/1"}],"replies":[{"embeddable":true,"href":"https:\/\/www.caririemacao.com\/1\/wp-json\/wp\/v2\/comments?post=182767"}],"version-history":[{"count":1,"href":"https:\/\/www.caririemacao.com\/1\/wp-json\/wp\/v2\/posts\/182767\/revisions"}],"predecessor-version":[{"id":182770,"href":"https:\/\/www.caririemacao.com\/1\/wp-json\/wp\/v2\/posts\/182767\/revisions\/182770"}],"wp:featuredmedia":[{"embeddable":true,"href":"https:\/\/www.caririemacao.com\/1\/wp-json\/wp\/v2\/media\/182769"}],"wp:attachment":[{"href":"https:\/\/www.caririemacao.com\/1\/wp-json\/wp\/v2\/media?parent=182767"}],"wp:term":[{"taxonomy":"category","embeddable":true,"href":"https:\/\/www.caririemacao.com\/1\/wp-json\/wp\/v2\/categories?post=182767"},{"taxonomy":"post_tag","embeddable":true,"href":"https:\/\/www.caririemacao.com\/1\/wp-json\/wp\/v2\/tags?post=182767"}],"curies":[{"name":"wp","href":"https:\/\/api.w.org\/{rel}","templated":true}]}}