{"id":182771,"date":"2020-08-09T12:31:06","date_gmt":"2020-08-09T15:31:06","guid":{"rendered":"https:\/\/www.caririemacao.com\/1\/?p=182771"},"modified":"2020-08-09T12:31:06","modified_gmt":"2020-08-09T15:31:06","slug":"prefeito-de-camalau-publica-mensagem-em-homenagem-ao-dia-dos-pais","status":"publish","type":"post","link":"https:\/\/www.caririemacao.com\/1\/2020\/08\/09\/prefeito-de-camalau-publica-mensagem-em-homenagem-ao-dia-dos-pais\/","title":{"rendered":"Prefeito de Camala\u00fa publica mensagem em homenagem ao Dia dos Pais"},"content":{"rendered":"\n<p>O Prefeito do Munic\u00edpio de Camala\u00fa, Sandro M\u00f4co, publicou em sua rede social uma mensagem em homenagem ao Dia dos Pais. <\/p>\n\n\n\n<p>&#8220;Um homenagem simb\u00f3lica com muito amor, carinho e gratid\u00e3o ao meu pai, o Sr. Ant\u00f4nio M\u00f4co e a todos os pais da minha amada Camala\u00fa&#8221;, disse o prefeito, Sandro M\u00f4co. <\/p>\n","protected":false},"excerpt":{"rendered":"<p>O Prefeito do Munic\u00edpio de Camala\u00fa, Sandro M\u00f4co, publicou em sua rede social uma mensagem em homenagem ao Dia dos Pais. &#8220;Um homenagem simb\u00f3lica com&hellip; <\/p>\n","protected":false},"author":1,"featured_media":182772,"comment_status":"closed","ping_status":"closed","sticky":false,"template":"","format":"standard","meta":{"sfsi_plus_gutenberg_text_before_share":"","sfsi_plus_gutenberg_show_text_before_share":"","sfsi_plus_gutenberg_icon_type":"","sfsi_plus_gutenberg_icon_alignemt":"","sfsi_plus_gutenburg_max_per_row":"","footnotes":""},"categories":[6],"tags":[],"class_list":["post-182771","post","type-post","status-publish","format-standard","has-post-thumbnail","hentry","category-cidades"],"_links":{"self":[{"href":"https:\/\/www.caririemacao.com\/1\/wp-json\/wp\/v2\/posts\/182771","targetHints":{"allow":["GET"]}}],"collection":[{"href":"https:\/\/www.caririemacao.com\/1\/wp-json\/wp\/v2\/posts"}],"about":[{"href":"https:\/\/www.caririemacao.com\/1\/wp-json\/wp\/v2\/types\/post"}],"author":[{"embeddable":true,"href":"https:\/\/www.caririemacao.com\/1\/wp-json\/wp\/v2\/users\/1"}],"replies":[{"embeddable":true,"href":"https:\/\/www.caririemacao.com\/1\/wp-json\/wp\/v2\/comments?post=182771"}],"version-history":[{"count":1,"href":"https:\/\/www.caririemacao.com\/1\/wp-json\/wp\/v2\/posts\/182771\/revisions"}],"predecessor-version":[{"id":182773,"href":"https:\/\/www.caririemacao.com\/1\/wp-json\/wp\/v2\/posts\/182771\/revisions\/182773"}],"wp:featuredmedia":[{"embeddable":true,"href":"https:\/\/www.caririemacao.com\/1\/wp-json\/wp\/v2\/media\/182772"}],"wp:attachment":[{"href":"https:\/\/www.caririemacao.com\/1\/wp-json\/wp\/v2\/media?parent=182771"}],"wp:term":[{"taxonomy":"category","embeddable":true,"href":"https:\/\/www.caririemacao.com\/1\/wp-json\/wp\/v2\/categories?post=182771"},{"taxonomy":"post_tag","embeddable":true,"href":"https:\/\/www.caririemacao.com\/1\/wp-json\/wp\/v2\/tags?post=182771"}],"curies":[{"name":"wp","href":"https:\/\/api.w.org\/{rel}","templated":true}]}}