{"id":182774,"date":"2020-08-09T12:39:26","date_gmt":"2020-08-09T15:39:26","guid":{"rendered":"https:\/\/www.caririemacao.com\/1\/?p=182774"},"modified":"2020-08-09T12:39:26","modified_gmt":"2020-08-09T15:39:26","slug":"prefeitura-de-monteiro-parabeniza-monteirenses-pelo-dia-dos-pais","status":"publish","type":"post","link":"https:\/\/www.caririemacao.com\/1\/2020\/08\/09\/prefeitura-de-monteiro-parabeniza-monteirenses-pelo-dia-dos-pais\/","title":{"rendered":"Prefeitura de Monteiro parabeniza monteirenses pelo Dia dos Pais"},"content":{"rendered":"\n<p>A prefeita do munic\u00edpio de Monteiro, Anna Lorena, emitiu na manh\u00e3 deste domingo, uma mensagem de homenagem aos pais monteirenses felicitando-os pelo dia.<\/p>\n\n\n\n<p>Confira a nota na \u00edntegra:<br>Pai que \u00e9 pai, cuida, protege, defende, apoia e tamb\u00e9m educa. A Prefeitura Municipal de Monteiro parabeniza a voc\u00ea pai, que ao se dedicar aos seus filhos, dedica a ess\u00eancia do melhor da sua cidadania tamb\u00e9m ao nosso munic\u00edpio. Desejamos muita for\u00e7a, sabedoria e discernimento para que juntos possamos formar uma sociedade mais capaz mais feliz.&nbsp;<br>Feliz dia dos pais a todos os monteirenses!<\/p>\n","protected":false},"excerpt":{"rendered":"<p>A prefeita do munic\u00edpio de Monteiro, Anna Lorena, emitiu na manh\u00e3 deste domingo, uma mensagem de homenagem aos pais monteirenses felicitando-os pelo dia. Confira a&hellip; <\/p>\n","protected":false},"author":1,"featured_media":182775,"comment_status":"closed","ping_status":"closed","sticky":false,"template":"","format":"standard","meta":{"sfsi_plus_gutenberg_text_before_share":"","sfsi_plus_gutenberg_show_text_before_share":"","sfsi_plus_gutenberg_icon_type":"","sfsi_plus_gutenberg_icon_alignemt":"","sfsi_plus_gutenburg_max_per_row":"","footnotes":""},"categories":[6],"tags":[],"class_list":["post-182774","post","type-post","status-publish","format-standard","has-post-thumbnail","hentry","category-cidades"],"_links":{"self":[{"href":"https:\/\/www.caririemacao.com\/1\/wp-json\/wp\/v2\/posts\/182774","targetHints":{"allow":["GET"]}}],"collection":[{"href":"https:\/\/www.caririemacao.com\/1\/wp-json\/wp\/v2\/posts"}],"about":[{"href":"https:\/\/www.caririemacao.com\/1\/wp-json\/wp\/v2\/types\/post"}],"author":[{"embeddable":true,"href":"https:\/\/www.caririemacao.com\/1\/wp-json\/wp\/v2\/users\/1"}],"replies":[{"embeddable":true,"href":"https:\/\/www.caririemacao.com\/1\/wp-json\/wp\/v2\/comments?post=182774"}],"version-history":[{"count":1,"href":"https:\/\/www.caririemacao.com\/1\/wp-json\/wp\/v2\/posts\/182774\/revisions"}],"predecessor-version":[{"id":182776,"href":"https:\/\/www.caririemacao.com\/1\/wp-json\/wp\/v2\/posts\/182774\/revisions\/182776"}],"wp:featuredmedia":[{"embeddable":true,"href":"https:\/\/www.caririemacao.com\/1\/wp-json\/wp\/v2\/media\/182775"}],"wp:attachment":[{"href":"https:\/\/www.caririemacao.com\/1\/wp-json\/wp\/v2\/media?parent=182774"}],"wp:term":[{"taxonomy":"category","embeddable":true,"href":"https:\/\/www.caririemacao.com\/1\/wp-json\/wp\/v2\/categories?post=182774"},{"taxonomy":"post_tag","embeddable":true,"href":"https:\/\/www.caririemacao.com\/1\/wp-json\/wp\/v2\/tags?post=182774"}],"curies":[{"name":"wp","href":"https:\/\/api.w.org\/{rel}","templated":true}]}}