{"id":182777,"date":"2020-08-09T12:42:33","date_gmt":"2020-08-09T15:42:33","guid":{"rendered":"https:\/\/www.caririemacao.com\/1\/?p=182777"},"modified":"2020-08-09T12:42:33","modified_gmt":"2020-08-09T15:42:33","slug":"programa-mais-luz-no-campo-atende-168-familias-de-32-comunidades-rurais-em-julho","status":"publish","type":"post","link":"https:\/\/www.caririemacao.com\/1\/2020\/08\/09\/programa-mais-luz-no-campo-atende-168-familias-de-32-comunidades-rurais-em-julho\/","title":{"rendered":"Programa &#8220;mais luz no campo&#8221; atende 168 fam\u00edlias de 32 comunidades rurais em julho"},"content":{"rendered":"\n<p>A Secretaria de Agricultura Meio Ambiente e Desenvolvimento Sustent\u00e1vel de Monteiro encaminhou ao gabinete da Prefeita Anna Lorena, nesta quarta-feira (05), o relat\u00f3rio das a\u00e7\u00f5es executadas no m\u00eas de Julho, dentro do programa \u201cMais Luz no Campo\u201d.<\/p>\n\n\n\n<p>O programa \u201cMais Luz no Campo\u201d, implantado pela prefeita Anna Lorena, j\u00e1 \u00e9 considerado o maior programa de Ilumina\u00e7\u00e3o rural da hist\u00f3ria do munic\u00edpio, suprindo a demanda de ilumina\u00e7\u00e3o p\u00fablica de todas as resid\u00eancias da zona rural.<\/p>\n\n\n\n<p>Segundo os dados da secretaria, foram atendidas as comunidades dos s\u00edtios Angiquinho, Assentamento dos Dez, Assentamento Xique-Xique, Baixa do Silva, Barreiros, Barros de Santa Catarina, Batizar, Boa Esperan\u00e7a, Bom Nome, Bredos, Esp\u00edrito Santo, Extrema, Fazenda nova, Gameleira, Gavi\u00e3o, Jabitac\u00e1, Jos\u00e9 Am\u00e9rico, Lagoa de Santa Catarina, Lagoa do Mato, Limit\u00e3o, Olho d\u2019\u00e1gua, Olho d\u2019\u00e1gua do Silva, Olho D&#8217;\u00e1gua do Neto, Olho D&#8217;\u00e1gua do Sal\u00e3o, Parque das \u00c1guas, Pau D&#8217;Arco, Picos, Pitombeira, Po\u00e7\u00e3o, Pocinhos, Queimadas, Tapagem.<\/p>\n\n\n\n<p>Somente neste m\u00eas de Julho, mais de 160 fam\u00edlias sa\u00edram da completa escurid\u00e3o e foram beneficiadas com a substitui\u00e7\u00e3o de l\u00e2mpadas, soquetes, bocal, rel\u00e9, lumin\u00e1ria, bra\u00e7os de sustenta\u00e7\u00e3o e outros servi\u00e7os de manuten\u00e7\u00e3o, com o acompanhamento e supervis\u00e3o dos presidentes das Associa\u00e7\u00f5es Rurais.<\/p>\n\n\n\n<p><strong>Como participar do \u201cMais Luz no Campo\u201d<\/strong><\/p>\n\n\n\n<p>Para ter acesso ao programa \u201cMais Luz no Campo\u201d, todas as demandas de cada comunidade dever\u00e3o ser encaminhadas atrav\u00e9s da associa\u00e7\u00e3o rural, \u00e0 Secretaria de Agricultura do Munic\u00edpio, que inclui na agenda de servi\u00e7os e j\u00e1 estabelece um prazo m\u00e9dio de in\u00edcio e conclus\u00e3o dos servi\u00e7os para cada comunidade.<\/p>\n\n\n\n<p>Na data agendada, a equipe de eletricistas \u00e9 acompanhada pelo presidente da Associa\u00e7\u00e3o Rural ou seu representante para comprova\u00e7\u00e3o dos servi\u00e7os realizados.<\/p>\n","protected":false},"excerpt":{"rendered":"<p>A Secretaria de Agricultura Meio Ambiente e Desenvolvimento Sustent\u00e1vel de Monteiro encaminhou ao gabinete da Prefeita Anna Lorena, nesta quarta-feira (05), o relat\u00f3rio das a\u00e7\u00f5es&hellip; <\/p>\n","protected":false},"author":1,"featured_media":182778,"comment_status":"closed","ping_status":"closed","sticky":false,"template":"","format":"standard","meta":{"sfsi_plus_gutenberg_text_before_share":"","sfsi_plus_gutenberg_show_text_before_share":"","sfsi_plus_gutenberg_icon_type":"","sfsi_plus_gutenberg_icon_alignemt":"","sfsi_plus_gutenburg_max_per_row":"","footnotes":""},"categories":[6],"tags":[],"class_list":["post-182777","post","type-post","status-publish","format-standard","has-post-thumbnail","hentry","category-cidades"],"_links":{"self":[{"href":"https:\/\/www.caririemacao.com\/1\/wp-json\/wp\/v2\/posts\/182777","targetHints":{"allow":["GET"]}}],"collection":[{"href":"https:\/\/www.caririemacao.com\/1\/wp-json\/wp\/v2\/posts"}],"about":[{"href":"https:\/\/www.caririemacao.com\/1\/wp-json\/wp\/v2\/types\/post"}],"author":[{"embeddable":true,"href":"https:\/\/www.caririemacao.com\/1\/wp-json\/wp\/v2\/users\/1"}],"replies":[{"embeddable":true,"href":"https:\/\/www.caririemacao.com\/1\/wp-json\/wp\/v2\/comments?post=182777"}],"version-history":[{"count":1,"href":"https:\/\/www.caririemacao.com\/1\/wp-json\/wp\/v2\/posts\/182777\/revisions"}],"predecessor-version":[{"id":182779,"href":"https:\/\/www.caririemacao.com\/1\/wp-json\/wp\/v2\/posts\/182777\/revisions\/182779"}],"wp:featuredmedia":[{"embeddable":true,"href":"https:\/\/www.caririemacao.com\/1\/wp-json\/wp\/v2\/media\/182778"}],"wp:attachment":[{"href":"https:\/\/www.caririemacao.com\/1\/wp-json\/wp\/v2\/media?parent=182777"}],"wp:term":[{"taxonomy":"category","embeddable":true,"href":"https:\/\/www.caririemacao.com\/1\/wp-json\/wp\/v2\/categories?post=182777"},{"taxonomy":"post_tag","embeddable":true,"href":"https:\/\/www.caririemacao.com\/1\/wp-json\/wp\/v2\/tags?post=182777"}],"curies":[{"name":"wp","href":"https:\/\/api.w.org\/{rel}","templated":true}]}}