{"id":182780,"date":"2020-08-09T12:45:28","date_gmt":"2020-08-09T15:45:28","guid":{"rendered":"https:\/\/www.caririemacao.com\/1\/?p=182780"},"modified":"2020-08-09T12:45:28","modified_gmt":"2020-08-09T15:45:28","slug":"secretaria-de-desenvolvimento-social-de-monteiro-divulga-relatorio-de-acoes-realizadas-neste-2-semestre","status":"publish","type":"post","link":"https:\/\/www.caririemacao.com\/1\/2020\/08\/09\/secretaria-de-desenvolvimento-social-de-monteiro-divulga-relatorio-de-acoes-realizadas-neste-2-semestre\/","title":{"rendered":"Secretaria de Desenvolvimento Social de Monteiro divulga relat\u00f3rio de a\u00e7\u00f5es realizadas neste 2\u00b0 semestre"},"content":{"rendered":"\n<p>A Secretaria de Desenvolvimento Social do Munic\u00edpio de Monteiro divulgou na manh\u00e3 desta quinta-feira dia 06, diversas a\u00e7\u00f5es j\u00e1 realizadas neste segundo semestre de atividades e servi\u00e7os para a popula\u00e7\u00e3o monteirense.<\/p>\n\n\n\n<p>Um dos destaques das a\u00e7\u00f5es foi a inaugura\u00e7\u00e3o da nova sede do Conselho Tutelar, que foi entregue a popula\u00e7\u00e3o e aos conselheiros na \u00faltima ter\u00e7a-feira dia 04.<br>Na oportunidade a prefeita Anna Lorena fez quest\u00e3o de destacar a import\u00e2ncia de proporcionar um espa\u00e7o &nbsp;maior para os profissionais do Conselho &nbsp;com mais estrutura, onde eles possam exercer suas atividades e melhor atender as fam\u00edlias do munic\u00edpio.<\/p>\n\n\n\n<p>Outro destaque tamb\u00e9m se d\u00e1 pela entrega de Cesta Social que, desde novembro de 2019, vem atendendo todos os meses cerca de 500 fam\u00edlias produtos essenciais&nbsp;para uma alimenta\u00e7\u00e3o de qualidade para os beneficiados.<\/p>\n\n\n\n<p>Tamb\u00e9m foram oferecidos diversos outros servi\u00e7os e atividades como:<\/p>\n\n\n\n<p>&#8211; Distribui\u00e7\u00e3o de EPIS para os profissionais da rede de assist\u00eancia social;<\/p>\n\n\n\n<p>&#8211; Distribui\u00e7\u00e3o de cestas b\u00e1sicas do Governo do Estado para os usu\u00e1rios da pol\u00edtica de assist\u00eancia social, uma a\u00e7\u00e3o com a &nbsp;parceria da &nbsp;Secretaria de Estado do Desenvolvimento Social Humano e a Secretaria Municipal de Desenvolvimento Social;<\/p>\n\n\n\n<p>&#8211; Distribui\u00e7\u00e3o de m\u00e1scaras para os usu\u00e1rios da pol\u00edtica de assist\u00eancia social, tamb\u00e9m em uma parceria com a Secretaria de Estado do Desenvolvimento Social Humano e a Secretaria Municipal de Desenvolvimento Social;<\/p>\n\n\n\n<p>&#8211; Entrega dos Kits de atividades e kits nutricionais para os idosos e crian\u00e7as do Servi\u00e7o de Conviv\u00eancia e Fortalecimento de V\u00ednculos;<\/p>\n\n\n\n<p>&#8211; Programa Sopa da Gente, que n\u00e3o parou suas atividades e vem atendendo aproximadamente de 700 fam\u00edlias;<\/p>\n\n\n\n<p>&#8211; Programa Nen\u00e9m Fortinho, que atende todos os meses crian\u00e7as a partir dos seis meses de idade, com entrega de kits nutricionais para complementar a alimenta\u00e7\u00e3o.<\/p>\n\n\n\n<p>Para a Secret\u00e1ria de Desenvolvimento Social Rosa Aleixo, o objetivo da secretaria \u00e9 continuar trabalhando com atividades e servi\u00e7os para proporcionar uma melhor qualidade de vida para as fam\u00edlias monteirenses.<\/p>\n\n\n\n<p>\u201c Nosso maior objetivo a frente da secret\u00e1ria de Desenvolvimento Social, \u00e9 continuar trabalhando em busca de projetos e benef\u00edcios, com atividades e servi\u00e7os para oferecer \u00e0s fam\u00edlias monteirenses, proporcionando&nbsp;uma melhor qualidade de vida para todos.\u201d disse &nbsp;Rosa Aleixo<\/p>\n","protected":false},"excerpt":{"rendered":"<p>A Secretaria de Desenvolvimento Social do Munic\u00edpio de Monteiro divulgou na manh\u00e3 desta quinta-feira dia 06, diversas a\u00e7\u00f5es j\u00e1 realizadas neste segundo semestre de atividades&hellip; <\/p>\n","protected":false},"author":1,"featured_media":182781,"comment_status":"closed","ping_status":"closed","sticky":false,"template":"","format":"standard","meta":{"sfsi_plus_gutenberg_text_before_share":"","sfsi_plus_gutenberg_show_text_before_share":"","sfsi_plus_gutenberg_icon_type":"","sfsi_plus_gutenberg_icon_alignemt":"","sfsi_plus_gutenburg_max_per_row":"","footnotes":""},"categories":[6],"tags":[],"class_list":["post-182780","post","type-post","status-publish","format-standard","has-post-thumbnail","hentry","category-cidades"],"_links":{"self":[{"href":"https:\/\/www.caririemacao.com\/1\/wp-json\/wp\/v2\/posts\/182780","targetHints":{"allow":["GET"]}}],"collection":[{"href":"https:\/\/www.caririemacao.com\/1\/wp-json\/wp\/v2\/posts"}],"about":[{"href":"https:\/\/www.caririemacao.com\/1\/wp-json\/wp\/v2\/types\/post"}],"author":[{"embeddable":true,"href":"https:\/\/www.caririemacao.com\/1\/wp-json\/wp\/v2\/users\/1"}],"replies":[{"embeddable":true,"href":"https:\/\/www.caririemacao.com\/1\/wp-json\/wp\/v2\/comments?post=182780"}],"version-history":[{"count":1,"href":"https:\/\/www.caririemacao.com\/1\/wp-json\/wp\/v2\/posts\/182780\/revisions"}],"predecessor-version":[{"id":182782,"href":"https:\/\/www.caririemacao.com\/1\/wp-json\/wp\/v2\/posts\/182780\/revisions\/182782"}],"wp:featuredmedia":[{"embeddable":true,"href":"https:\/\/www.caririemacao.com\/1\/wp-json\/wp\/v2\/media\/182781"}],"wp:attachment":[{"href":"https:\/\/www.caririemacao.com\/1\/wp-json\/wp\/v2\/media?parent=182780"}],"wp:term":[{"taxonomy":"category","embeddable":true,"href":"https:\/\/www.caririemacao.com\/1\/wp-json\/wp\/v2\/categories?post=182780"},{"taxonomy":"post_tag","embeddable":true,"href":"https:\/\/www.caririemacao.com\/1\/wp-json\/wp\/v2\/tags?post=182780"}],"curies":[{"name":"wp","href":"https:\/\/api.w.org\/{rel}","templated":true}]}}