{"id":182783,"date":"2020-08-09T13:32:38","date_gmt":"2020-08-09T16:32:38","guid":{"rendered":"https:\/\/www.caririemacao.com\/1\/?p=182783"},"modified":"2020-08-09T13:33:10","modified_gmt":"2020-08-09T16:33:10","slug":"presidente-da-camara-de-vereadores-de-sume-parabeniza-os-pais-sumeenses","status":"publish","type":"post","link":"https:\/\/www.caririemacao.com\/1\/2020\/08\/09\/presidente-da-camara-de-vereadores-de-sume-parabeniza-os-pais-sumeenses\/","title":{"rendered":"Presidente da C\u00e2mara de Vereadores de Sum\u00e9 parabeniza os pais sumeenses"},"content":{"rendered":"\n<p>O presidente da C\u00e2mara Municipal de Vereadores do munic\u00edpio de Sum\u00e9, Le\u00f4nidas Albino Pedrosa, mais conhecido como Bomba, publicou uma mensagem parabenizando todos os pais do munic\u00edpio.<\/p>\n\n\n\n<p>&#8220;Parabenizo todos os pais Sumeenses pelo seu grande dia. Voc\u00eas merecem todo o nosso respeito, gratid\u00e3o e s\u00e3o merecedores de todas AS HOMENAGENS,\u201d destacou o presidente Bomba.<\/p>\n\n\n\n<p><\/p>\n","protected":false},"excerpt":{"rendered":"<p>O presidente da C\u00e2mara Municipal de Vereadores do munic\u00edpio de Sum\u00e9, Le\u00f4nidas Albino Pedrosa, mais conhecido como Bomba, publicou uma mensagem parabenizando todos os pais&hellip; <\/p>\n","protected":false},"author":1,"featured_media":182784,"comment_status":"closed","ping_status":"closed","sticky":false,"template":"","format":"standard","meta":{"sfsi_plus_gutenberg_text_before_share":"","sfsi_plus_gutenberg_show_text_before_share":"","sfsi_plus_gutenberg_icon_type":"","sfsi_plus_gutenberg_icon_alignemt":"","sfsi_plus_gutenburg_max_per_row":"","footnotes":""},"categories":[6],"tags":[],"class_list":["post-182783","post","type-post","status-publish","format-standard","has-post-thumbnail","hentry","category-cidades"],"_links":{"self":[{"href":"https:\/\/www.caririemacao.com\/1\/wp-json\/wp\/v2\/posts\/182783","targetHints":{"allow":["GET"]}}],"collection":[{"href":"https:\/\/www.caririemacao.com\/1\/wp-json\/wp\/v2\/posts"}],"about":[{"href":"https:\/\/www.caririemacao.com\/1\/wp-json\/wp\/v2\/types\/post"}],"author":[{"embeddable":true,"href":"https:\/\/www.caririemacao.com\/1\/wp-json\/wp\/v2\/users\/1"}],"replies":[{"embeddable":true,"href":"https:\/\/www.caririemacao.com\/1\/wp-json\/wp\/v2\/comments?post=182783"}],"version-history":[{"count":3,"href":"https:\/\/www.caririemacao.com\/1\/wp-json\/wp\/v2\/posts\/182783\/revisions"}],"predecessor-version":[{"id":182790,"href":"https:\/\/www.caririemacao.com\/1\/wp-json\/wp\/v2\/posts\/182783\/revisions\/182790"}],"wp:featuredmedia":[{"embeddable":true,"href":"https:\/\/www.caririemacao.com\/1\/wp-json\/wp\/v2\/media\/182784"}],"wp:attachment":[{"href":"https:\/\/www.caririemacao.com\/1\/wp-json\/wp\/v2\/media?parent=182783"}],"wp:term":[{"taxonomy":"category","embeddable":true,"href":"https:\/\/www.caririemacao.com\/1\/wp-json\/wp\/v2\/categories?post=182783"},{"taxonomy":"post_tag","embeddable":true,"href":"https:\/\/www.caririemacao.com\/1\/wp-json\/wp\/v2\/tags?post=182783"}],"curies":[{"name":"wp","href":"https:\/\/api.w.org\/{rel}","templated":true}]}}