{"id":182786,"date":"2020-08-09T13:22:49","date_gmt":"2020-08-09T16:22:49","guid":{"rendered":"https:\/\/www.caririemacao.com\/1\/?p=182786"},"modified":"2020-08-09T13:22:49","modified_gmt":"2020-08-09T16:22:49","slug":"pre-candidato-a-prefeito-do-municipio-de-sao-jose-dos-cordeiros-publica-mensagem-em-homenagem-ao-dia-dos-pais","status":"publish","type":"post","link":"https:\/\/www.caririemacao.com\/1\/2020\/08\/09\/pre-candidato-a-prefeito-do-municipio-de-sao-jose-dos-cordeiros-publica-mensagem-em-homenagem-ao-dia-dos-pais\/","title":{"rendered":"Pr\u00e9-candidato a prefeito do munic\u00edpio de  S\u00e3o Jos\u00e9 dos Cordeiros, publica mensagem em homenagem ao Dia dos Pais"},"content":{"rendered":"\n<p>O pr\u00e9-candidato a prefeito do Munic\u00edpio de S\u00e3o Jos\u00e9 dos Cordeiros, Fel\u00edcio Queiroz, publicou uma mensagem na manh\u00e3 deste domingo 09, parabenizando todos os pais do munic\u00edpio. <\/p>\n\n\n\n<p>&#8220;Ser pai \u00e9 estar presente na constru\u00e7\u00e3o de um futuro melhor para nossos jovens e crian\u00e7as, contribuindo de maneira exemplar para um mundo mais humano, mais respeitoso e solid\u00e1rio. Em nome do meu PAI Fernando Queiroz, parabenizo todos os pais de S\u00e3o Jos\u00e9 dos Cordeiros&#8221;, disse o pr\u00e9-candidato, Fel\u00edcio Queiroz. <br><\/p>\n\n\n\n<p>Mensagem do pr\u00e9-candidato a prefeito de S\u00e3o Jos\u00e9 dos Cordeiros, Fel\u00edcio Queiroz<\/p>\n","protected":false},"excerpt":{"rendered":"<p>O pr\u00e9-candidato a prefeito do Munic\u00edpio de S\u00e3o Jos\u00e9 dos Cordeiros, Fel\u00edcio Queiroz, publicou uma mensagem na manh\u00e3 deste domingo 09, parabenizando todos os pais&hellip; <\/p>\n","protected":false},"author":1,"featured_media":182787,"comment_status":"closed","ping_status":"closed","sticky":false,"template":"","format":"standard","meta":{"sfsi_plus_gutenberg_text_before_share":"","sfsi_plus_gutenberg_show_text_before_share":"","sfsi_plus_gutenberg_icon_type":"","sfsi_plus_gutenberg_icon_alignemt":"","sfsi_plus_gutenburg_max_per_row":"","footnotes":""},"categories":[6],"tags":[],"class_list":["post-182786","post","type-post","status-publish","format-standard","has-post-thumbnail","hentry","category-cidades"],"_links":{"self":[{"href":"https:\/\/www.caririemacao.com\/1\/wp-json\/wp\/v2\/posts\/182786","targetHints":{"allow":["GET"]}}],"collection":[{"href":"https:\/\/www.caririemacao.com\/1\/wp-json\/wp\/v2\/posts"}],"about":[{"href":"https:\/\/www.caririemacao.com\/1\/wp-json\/wp\/v2\/types\/post"}],"author":[{"embeddable":true,"href":"https:\/\/www.caririemacao.com\/1\/wp-json\/wp\/v2\/users\/1"}],"replies":[{"embeddable":true,"href":"https:\/\/www.caririemacao.com\/1\/wp-json\/wp\/v2\/comments?post=182786"}],"version-history":[{"count":1,"href":"https:\/\/www.caririemacao.com\/1\/wp-json\/wp\/v2\/posts\/182786\/revisions"}],"predecessor-version":[{"id":182788,"href":"https:\/\/www.caririemacao.com\/1\/wp-json\/wp\/v2\/posts\/182786\/revisions\/182788"}],"wp:featuredmedia":[{"embeddable":true,"href":"https:\/\/www.caririemacao.com\/1\/wp-json\/wp\/v2\/media\/182787"}],"wp:attachment":[{"href":"https:\/\/www.caririemacao.com\/1\/wp-json\/wp\/v2\/media?parent=182786"}],"wp:term":[{"taxonomy":"category","embeddable":true,"href":"https:\/\/www.caririemacao.com\/1\/wp-json\/wp\/v2\/categories?post=182786"},{"taxonomy":"post_tag","embeddable":true,"href":"https:\/\/www.caririemacao.com\/1\/wp-json\/wp\/v2\/tags?post=182786"}],"curies":[{"name":"wp","href":"https:\/\/api.w.org\/{rel}","templated":true}]}}