{"id":182791,"date":"2020-08-10T05:37:38","date_gmt":"2020-08-10T08:37:38","guid":{"rendered":"https:\/\/www.caririemacao.com\/1\/?p=182791"},"modified":"2020-08-10T06:02:11","modified_gmt":"2020-08-10T09:02:11","slug":"adolescente-de-15-anos-e-morta-a-facadas-em-zabele","status":"publish","type":"post","link":"https:\/\/www.caririemacao.com\/1\/2020\/08\/10\/adolescente-de-15-anos-e-morta-a-facadas-em-zabele\/","title":{"rendered":"Adolescente de 15 anos \u00e9 morta a facadas em Zabel\u00ea"},"content":{"rendered":"\n<p>Uma adolescente de 15 anos foi morta a facadas no munic\u00edpio de Zabel\u00ea, na madrugada de domingo pra segunda (10). <\/p>\n\n\n\n<p>De acordo com informa\u00e7\u00f5es ela foi executada a facadas em sua resid\u00eancia com aproximadamente 30 facadas. <\/p>\n\n\n\n<p>O suspeito de praticar o crime \u00e9 um ex-namorado da adolescente. <\/p>\n\n\n\n<p>Ainda n\u00e3o se tem informa\u00e7\u00f5es sobre a motiva\u00e7\u00e3o do crime. <\/p>\n","protected":false},"excerpt":{"rendered":"<p>Uma adolescente de 15 anos foi morta a facadas no munic\u00edpio de Zabel\u00ea, na madrugada de domingo pra segunda (10). De acordo com informa\u00e7\u00f5es ela&hellip; <\/p>\n","protected":false},"author":1,"featured_media":180616,"comment_status":"closed","ping_status":"closed","sticky":false,"template":"","format":"standard","meta":{"sfsi_plus_gutenberg_text_before_share":"","sfsi_plus_gutenberg_show_text_before_share":"","sfsi_plus_gutenberg_icon_type":"","sfsi_plus_gutenberg_icon_alignemt":"","sfsi_plus_gutenburg_max_per_row":"","footnotes":""},"categories":[6,12],"tags":[],"class_list":["post-182791","post","type-post","status-publish","format-standard","has-post-thumbnail","hentry","category-cidades","category-policia"],"_links":{"self":[{"href":"https:\/\/www.caririemacao.com\/1\/wp-json\/wp\/v2\/posts\/182791","targetHints":{"allow":["GET"]}}],"collection":[{"href":"https:\/\/www.caririemacao.com\/1\/wp-json\/wp\/v2\/posts"}],"about":[{"href":"https:\/\/www.caririemacao.com\/1\/wp-json\/wp\/v2\/types\/post"}],"author":[{"embeddable":true,"href":"https:\/\/www.caririemacao.com\/1\/wp-json\/wp\/v2\/users\/1"}],"replies":[{"embeddable":true,"href":"https:\/\/www.caririemacao.com\/1\/wp-json\/wp\/v2\/comments?post=182791"}],"version-history":[{"count":6,"href":"https:\/\/www.caririemacao.com\/1\/wp-json\/wp\/v2\/posts\/182791\/revisions"}],"predecessor-version":[{"id":182797,"href":"https:\/\/www.caririemacao.com\/1\/wp-json\/wp\/v2\/posts\/182791\/revisions\/182797"}],"wp:featuredmedia":[{"embeddable":true,"href":"https:\/\/www.caririemacao.com\/1\/wp-json\/wp\/v2\/media\/180616"}],"wp:attachment":[{"href":"https:\/\/www.caririemacao.com\/1\/wp-json\/wp\/v2\/media?parent=182791"}],"wp:term":[{"taxonomy":"category","embeddable":true,"href":"https:\/\/www.caririemacao.com\/1\/wp-json\/wp\/v2\/categories?post=182791"},{"taxonomy":"post_tag","embeddable":true,"href":"https:\/\/www.caririemacao.com\/1\/wp-json\/wp\/v2\/tags?post=182791"}],"curies":[{"name":"wp","href":"https:\/\/api.w.org\/{rel}","templated":true}]}}