{"id":182799,"date":"2020-08-10T06:27:55","date_gmt":"2020-08-10T09:27:55","guid":{"rendered":"https:\/\/www.caririemacao.com\/1\/?p=182799"},"modified":"2020-08-10T06:27:55","modified_gmt":"2020-08-10T09:27:55","slug":"campanha-agosto-dourado-maes-com-covid-19-devem-continuar-amamentando","status":"publish","type":"post","link":"https:\/\/www.caririemacao.com\/1\/2020\/08\/10\/campanha-agosto-dourado-maes-com-covid-19-devem-continuar-amamentando\/","title":{"rendered":"Campanha Agosto dourado: m\u00e3es com covid-19 devem continuar amamentando"},"content":{"rendered":"\n<h1 class=\"wp-block-heading\"><\/h1>\n\n\n\n<p>Agosto \u00e9 celebrado nacionalmente como o M\u00eas de Aleitamento Materno desde 2017. O per\u00edodo tamb\u00e9m \u00e9 chamado de Agosto Dourado, cor que simboliza o padr\u00e3o ouro de qualidade do leite humano, l\u00edquido essencial para a vida e o desenvolvimento do beb\u00ea. Mas, em meio \u00e0 pandemia de covid-19, a preocupa\u00e7\u00e3o das m\u00e3es com a amamenta\u00e7\u00e3o aumenta.&nbsp;E uma d\u00favida surge: mulheres que contra\u00edram a doen\u00e7a podem amamentar normalmente?<\/p>\n\n\n\n<p>Para a coordenadora da assist\u00eancia em aleitamento materno do Banco de Leite Humano (BLH) do Instituto Nacional de Sa\u00fade da Mulher, da Crian\u00e7a e do Adolescente Fernandes Figueira da Funda\u00e7\u00e3o Oswaldo Cruz (IFF\/Fiocruz), Ma\u00edra Domingues, que \u00e9 enfermeira pedi\u00e1trica, os estudos feitos com amostras de leite de m\u00e3es que tiveram covid-19 indicaram que v\u00edrus SARS-CoV-2 n\u00e3o \u00e9 transmitido pela amamenta\u00e7\u00e3o.<\/p>\n\n\n\n<p>\u201cAs m\u00e3es podem e devem continuar amamentando, mesmo estando com sintomas compat\u00edveis com a s\u00edndrome gripal ou infec\u00e7\u00e3o respirat\u00f3ria, ou mesmo a confirma\u00e7\u00e3o para covid-19, se for seu desejo e se estiver em condi\u00e7\u00f5es cl\u00ednicas adequadas. Mas \u00e9 importante que elas utilizem a m\u00e1scara quando forem amamentar ou realizar algum cuidado com o beb\u00ea. E, claro, a higieniza\u00e7\u00e3o das m\u00e3os com bastante frequ\u00eancia, antes e depois da mamada ou cuidado\u201d.<\/p>\n\n\n\n<p><strong>Doa\u00e7\u00e3o de leite<\/strong><\/p>\n\n\n\n<p>Mas, segundo Ma\u00edra, a doa\u00e7\u00e3o para o BLH est\u00e1 contraindicada para mulheres com sintomas compat\u00edveis com s\u00edndrome gripal, infec\u00e7\u00e3o respirat\u00f3ria ou confirma\u00e7\u00e3o de caso de SARS-Cov-2. Orienta\u00e7\u00e3o semelhante tamb\u00e9m se estende para mulheres contactantes, durante o per\u00edodo da viremia.<\/p>\n\n\n\n<p>\u201cPara a doa\u00e7\u00e3o do leite humano de mulheres que est\u00e3o com o v\u00edrus \u2013 suspeito ou confirmado \u2013 \u00e9 importante recomendar a contraindica\u00e7\u00e3o tempor\u00e1ria da doa\u00e7\u00e3o pelo per\u00edodo de 14 dias, contados a partir do in\u00edcio dos sintomas. As nossas normas t\u00e9cnicas oferecem uma seguran\u00e7a e garantia da qualidade em todo o processo de coleta, armazenamento, pasteuriza\u00e7\u00e3o, ent\u00e3o n\u00e3o houve nenhuma mudan\u00e7a. A \u00fanica recomenda\u00e7\u00e3o \u00e9 que para qualquer doen\u00e7a infectocontagiosa, n\u00e3o s\u00f3 para o coronav\u00edrus, a doa\u00e7\u00e3o \u00e9 contraindicada at\u00e9 a melhora do quadro\u201d.<\/p>\n\n\n\n<p>Ma\u00edra informa que a pandemia obrigou o instituto a mudar alguns atendimentos \u00e0s m\u00e3es e pais, mas o servi\u00e7o n\u00e3o foi interrompido.<\/p>\n\n\n\n<p>\u201cN\u00f3s suspendemos os grupos educativos oferecidos no pr\u00e9-natal, que s\u00e3o grupos para o casal que est\u00e1 esperando o beb\u00ea, que eram realizados duas vezes por semana. Na assist\u00eancia para a m\u00e3e que est\u00e1 com dificuldade para amamentar, n\u00f3s estamos realizando teleconsulta, teleorienta\u00e7\u00e3o. Em casos em que \u00e9 necess\u00e1ria a consulta presencial, \u00e9 feito o agendamento a partir de uma primeira avalia\u00e7\u00e3o na teleconsulta\u201d.<\/p>\n\n\n\n<p>A lista e o contato dos Bancos de Leite Humano em todo o pa\u00eds est\u00e3o dispon\u00edveis no portal da rede, assim como recomenda\u00e7\u00f5es b\u00e1sicas e notas t\u00e9cnicas sobre amamenta\u00e7\u00e3o e covid-19.<\/p>\n\n\n\n<p><strong>Semana mundial<\/strong><\/p>\n\n\n\n<p>A primeira semana de agosto \u00e9 tamb\u00e9m a Semana Mundial do Aleitamento Materno. Ma\u00edra explica que o tema deste ano \u00e9 Apoie o aleitamento por um planeta saud\u00e1vel, de acordo com os Objetivos Sustent\u00e1veis do Mil\u00eanio da Organiza\u00e7\u00e3o das Na\u00e7\u00f5es Unidas.<\/p>\n\n\n\n<p>\u201cO foco \u00e9 no planeta, porque o leite materno \u00e9 um alimento renov\u00e1vel, natural, que n\u00e3o traz custo ambiental. O leite humano \u00e9 ambientalmente seguro e n\u00e3o gera impactos ambientais como os substitutos do leite materno, que s\u00e3o as f\u00f3rmulas infantis, em decorr\u00eancia do processo de industrializa\u00e7\u00e3o\u201d.<\/p>\n\n\n\n<p>E a Semana Mundial do Aleitamento Materno foi encerrada na \u00faltima sexta-feira (7), com o primeiro mama\u00e7o virtual promovido pela Sociedade Brasileira de Pediatria (SBP).<\/p>\n\n\n\n<p>Participaram a atriz Gisele Iti\u00e9 e o filho Pedro, de cinco meses, e os m\u00e9dicos Luciano Borges Santiago, Renato Kfouri e Moises Chencinski, integrantes dos departamentos cient\u00edficos de Aleitamento Materno e de Imuniza\u00e7\u00f5es da SBP.<\/p>\n\n\n\n<p>Os eventos promovidos pelo Instituto Nacional de Sa\u00fade da Mulher, da Crian\u00e7a e do Adolescente Fernandes Figueira da Funda\u00e7\u00e3o Oswaldo Cruz (IFF\/Fiocruz) para o Agosto Dourado tamb\u00e9m est\u00e3o sendo virtuais, por causa da pandemia. Ser\u00e3o transmitidas tr\u00eas palestras, nos dias 18, 19 e 20 de agosto, com o tema \u201cA import\u00e2ncia de apoiar o aleitamento materno nos primeiros 1000 dias de vida para a constru\u00e7\u00e3o de um planeta mais saud\u00e1vel\u201d. O p\u00fablico-alvo s\u00e3o os profissionais residentes do IFF, mas o evento \u00e9 aberto a todos os interessados. As inscri\u00e7\u00f5es podem ser feitas pelo site www.abre.ai\/inscricaosmam.<\/p>\n\n\n\n<p><strong>Rede de apoio<\/strong><\/p>\n\n\n\n<p>Alheia \u00e0 pandemia, a vida das m\u00e3es e beb\u00eas continua. M\u00e3e de primeira viagem, a secret\u00e1ria-executiva Suyane Pereira Scen teve Luiza na \u00faltima quarta-feira (5) e j\u00e1 est\u00e1 em casa. Ela explica que leu muito a respeito dos benef\u00edcios da amamenta\u00e7\u00e3o na internet e fez cursos on-line, al\u00e9m de receber orienta\u00e7\u00f5es das enfermeiras do hospital onde fez o parto.<\/p>\n\n\n\n<p>\u201cPara o beb\u00ea \u00e9 quest\u00e3o da sa\u00fade. O primeiro colostro \u00e9 muito rico em nutrientes, previne um monte de doen\u00e7a. Depois ajuda ela a engordar, o leite hidrata, engorda. Pelo menos o que eu fiquei sabendo \u00e9 que nos primeiros seis meses \u00e9 crucial para a vida saud\u00e1vel. Para a m\u00e3e, ajuda a reter sangramento, contrair o \u00fatero e outras coisas que nem me lembro, n\u00e3o dormi direito\u201d.<\/p>\n\n\n\n<p>J\u00e1 em casa, em Bras\u00edlia, Suyane conta com o acompanhamento de uma consultora para ajudar nos primeiros dias, que s\u00e3o os mais dif\u00edceis para a m\u00e3e. \u201cEstou amamentando, mas est\u00e1 bem complicado, est\u00e1 machucando. A consultora ensina a pega, que o beb\u00ea n\u00e3o pode pegar s\u00f3 o bico porque machuca, tem que pegar a aur\u00e9ola. Quest\u00e3o do primeiro leite, o colostro, e depois como faz para n\u00e3o dar mastite, n\u00e3o empedrar. Ela vai mostrando como deve ser feita a massagem para ajudar a produzir leite. Eu n\u00e3o entendo muito e estou aprendendo com ela\u201d.<\/p>\n\n\n\n<p>A comunicadora de Salvador Christiane Sampaio teve o primeiro filho, Cairu, h\u00e1 15 anos, e agora est\u00e1 com o beb\u00ea Akin, que vai completar um ano dia 27. Ela conta que teve duas experi\u00eancias bem diferentes com os dois partos e amamenta\u00e7\u00e3o.<\/p>\n\n\n\n<p>\u201cMeu primeiro filho n\u00e3o colocaram no meu seio assim que ele nasceu; s\u00f3 depois que eu fui para o quarto. Deu super certo e eu o amamentei quase 11 meses. Mas a pediatra me disse que n\u00e3o precisava amamentar mais de 6 meses, s\u00f3 se eu quisesse mesmo. Eu n\u00e3o tinha uma postura muito ativa mesmo\u201d.<\/p>\n\n\n\n<p>Para ela, atualmente a mulher est\u00e1 muito mais consciente sobre a import\u00e2ncia da amamenta\u00e7\u00e3o e existe um ativismo muito mais forte no campo da maternidade.<\/p>\n\n\n\n<p>Ela destaca tamb\u00e9m a import\u00e2ncia das redes de apoio que se formaram em diversos lugares, com mulheres e profissionais que se ajudam e trocam experi\u00eancias e informa\u00e7\u00f5es sobre maternidade, parto e amamenta\u00e7\u00e3o, tudo feito de forma individualizada e mais humanizada.<\/p>\n","protected":false},"excerpt":{"rendered":"<p>Agosto \u00e9 celebrado nacionalmente como o M\u00eas de Aleitamento Materno desde 2017. O per\u00edodo tamb\u00e9m \u00e9 chamado de Agosto Dourado, cor que simboliza o padr\u00e3o&hellip; <\/p>\n","protected":false},"author":2,"featured_media":182800,"comment_status":"closed","ping_status":"closed","sticky":false,"template":"","format":"standard","meta":{"sfsi_plus_gutenberg_text_before_share":"","sfsi_plus_gutenberg_show_text_before_share":"","sfsi_plus_gutenberg_icon_type":"","sfsi_plus_gutenberg_icon_alignemt":"","sfsi_plus_gutenburg_max_per_row":"","footnotes":""},"categories":[50,2],"tags":[],"class_list":["post-182799","post","type-post","status-publish","format-standard","has-post-thumbnail","hentry","category-destaque","category-geral"],"_links":{"self":[{"href":"https:\/\/www.caririemacao.com\/1\/wp-json\/wp\/v2\/posts\/182799","targetHints":{"allow":["GET"]}}],"collection":[{"href":"https:\/\/www.caririemacao.com\/1\/wp-json\/wp\/v2\/posts"}],"about":[{"href":"https:\/\/www.caririemacao.com\/1\/wp-json\/wp\/v2\/types\/post"}],"author":[{"embeddable":true,"href":"https:\/\/www.caririemacao.com\/1\/wp-json\/wp\/v2\/users\/2"}],"replies":[{"embeddable":true,"href":"https:\/\/www.caririemacao.com\/1\/wp-json\/wp\/v2\/comments?post=182799"}],"version-history":[{"count":1,"href":"https:\/\/www.caririemacao.com\/1\/wp-json\/wp\/v2\/posts\/182799\/revisions"}],"predecessor-version":[{"id":182801,"href":"https:\/\/www.caririemacao.com\/1\/wp-json\/wp\/v2\/posts\/182799\/revisions\/182801"}],"wp:featuredmedia":[{"embeddable":true,"href":"https:\/\/www.caririemacao.com\/1\/wp-json\/wp\/v2\/media\/182800"}],"wp:attachment":[{"href":"https:\/\/www.caririemacao.com\/1\/wp-json\/wp\/v2\/media?parent=182799"}],"wp:term":[{"taxonomy":"category","embeddable":true,"href":"https:\/\/www.caririemacao.com\/1\/wp-json\/wp\/v2\/categories?post=182799"},{"taxonomy":"post_tag","embeddable":true,"href":"https:\/\/www.caririemacao.com\/1\/wp-json\/wp\/v2\/tags?post=182799"}],"curies":[{"name":"wp","href":"https:\/\/api.w.org\/{rel}","templated":true}]}}