{"id":182807,"date":"2020-08-10T06:34:08","date_gmt":"2020-08-10T09:34:08","guid":{"rendered":"https:\/\/www.caririemacao.com\/1\/?p=182807"},"modified":"2020-08-10T06:34:08","modified_gmt":"2020-08-10T09:34:08","slug":"brasil-registra-593-obitos-pela-covid-19-e-ja-tem-101-136-mortos-pela-doenca","status":"publish","type":"post","link":"https:\/\/www.caririemacao.com\/1\/2020\/08\/10\/brasil-registra-593-obitos-pela-covid-19-e-ja-tem-101-136-mortos-pela-doenca\/","title":{"rendered":"Brasil registra 593 \u00f3bitos pela Covid-19 e j\u00e1 tem 101.136 mortos pela doen\u00e7a"},"content":{"rendered":"\n<h1 class=\"wp-block-heading\"><\/h1>\n\n\n\n<p>Os finais de semana, por atrasos de notifica\u00e7\u00e3o, costumam ter n\u00fameros mais baixos.<\/p>\n\n\n\n<p>Al\u00e9m dos dados di\u00e1rios do cons\u00f3rcio, a Folha tamb\u00e9m mostra a chamada m\u00e9dia m\u00f3vel. O recurso estat\u00edstico busca dar uma vis\u00e3o melhor da evolu\u00e7\u00e3o da doen\u00e7a, pois atenua n\u00fameros isolados que fujam do padr\u00e3o. A m\u00e9dia m\u00f3vel \u00e9 calculada somando o resultado dos \u00faltimos sete dias, dividindo por sete.<\/p>\n\n\n\n<p>De acordo com os dados coletados at\u00e9 as 20h, a m\u00e9dia de mortes nos \u00faltimos sete dias \u00e9 de 1.001, o que mant\u00e9m uma posi\u00e7\u00e3o de estabilidade nos dados, embora com n\u00fameros elevados.<\/p>\n\n\n\n<p>Os dados s\u00e3o fruto de colabora\u00e7\u00e3o in\u00e9dita entre Folha, UOL, O Estado de S. Paulo, Extra, O Globo e G1 para reunir e divulgar os n\u00fameros relativos \u00e0 pandemia do novo coronav\u00edrus. As informa\u00e7\u00f5es s\u00e3o coletadas diretamente com as Secretarias de Sa\u00fade estaduais. O balan\u00e7o \u00e9 fechado diariamente \u00e0s 20h.<\/p>\n\n\n\n<p>O Brasil tem uma taxa de cerca de 48,3 mortos por 100 mil habitantes. Os Estados Unidos, que t\u00eam o maior n\u00famero absoluto de mortos, e o Reino Unido, ambos \u00e0 frente do Brasil na pandemia (ou seja, come\u00e7aram a sofrer com o problema antes), t\u00eam 49,9 e 70,2 mortos para cada 100 mil habitantes, respectivamente.<\/p>\n\n\n\n<p>O M\u00e9xico, que ultrapassou o Reino Unido em n\u00famero de mortos, tem 41,2 mortes para cada 100 mil habitantes.<\/p>\n\n\n\n<p>Na Argentina, onde a pandemia desembarcou nove dias mais tarde que no Brasil e que seguiu uma quarentena muito mais r\u00edgida, o \u00edndice \u00e9 de 10 mortes por 100 mil habitantes.<\/p>\n\n\n\n<p>A iniciativa do cons\u00f3rcio de ve\u00edculos de imprensa ocorre em resposta \u00e0s atitudes do governo Jair Bolsonaro (sem partido), que amea\u00e7ou sonegar dados, atrasou boletins sobre a doen\u00e7a e tirou informa\u00e7\u00f5es do ar, com a interrup\u00e7\u00e3o da divulga\u00e7\u00e3o dos totais de casos e mortes. Al\u00e9m disso, o governo divulgou dados conflitantes.<\/p>\n","protected":false},"excerpt":{"rendered":"<p>Os finais de semana, por atrasos de notifica\u00e7\u00e3o, costumam ter n\u00fameros mais baixos. Al\u00e9m dos dados di\u00e1rios do cons\u00f3rcio, a Folha tamb\u00e9m mostra a chamada&hellip; <\/p>\n","protected":false},"author":2,"featured_media":182808,"comment_status":"closed","ping_status":"closed","sticky":false,"template":"","format":"standard","meta":{"sfsi_plus_gutenberg_text_before_share":"","sfsi_plus_gutenberg_show_text_before_share":"","sfsi_plus_gutenberg_icon_type":"","sfsi_plus_gutenberg_icon_alignemt":"","sfsi_plus_gutenburg_max_per_row":"","footnotes":""},"categories":[50,2],"tags":[],"class_list":["post-182807","post","type-post","status-publish","format-standard","has-post-thumbnail","hentry","category-destaque","category-geral"],"_links":{"self":[{"href":"https:\/\/www.caririemacao.com\/1\/wp-json\/wp\/v2\/posts\/182807","targetHints":{"allow":["GET"]}}],"collection":[{"href":"https:\/\/www.caririemacao.com\/1\/wp-json\/wp\/v2\/posts"}],"about":[{"href":"https:\/\/www.caririemacao.com\/1\/wp-json\/wp\/v2\/types\/post"}],"author":[{"embeddable":true,"href":"https:\/\/www.caririemacao.com\/1\/wp-json\/wp\/v2\/users\/2"}],"replies":[{"embeddable":true,"href":"https:\/\/www.caririemacao.com\/1\/wp-json\/wp\/v2\/comments?post=182807"}],"version-history":[{"count":1,"href":"https:\/\/www.caririemacao.com\/1\/wp-json\/wp\/v2\/posts\/182807\/revisions"}],"predecessor-version":[{"id":182809,"href":"https:\/\/www.caririemacao.com\/1\/wp-json\/wp\/v2\/posts\/182807\/revisions\/182809"}],"wp:featuredmedia":[{"embeddable":true,"href":"https:\/\/www.caririemacao.com\/1\/wp-json\/wp\/v2\/media\/182808"}],"wp:attachment":[{"href":"https:\/\/www.caririemacao.com\/1\/wp-json\/wp\/v2\/media?parent=182807"}],"wp:term":[{"taxonomy":"category","embeddable":true,"href":"https:\/\/www.caririemacao.com\/1\/wp-json\/wp\/v2\/categories?post=182807"},{"taxonomy":"post_tag","embeddable":true,"href":"https:\/\/www.caririemacao.com\/1\/wp-json\/wp\/v2\/tags?post=182807"}],"curies":[{"name":"wp","href":"https:\/\/api.w.org\/{rel}","templated":true}]}}