{"id":182811,"date":"2020-08-10T06:47:23","date_gmt":"2020-08-10T09:47:23","guid":{"rendered":"https:\/\/www.caririemacao.com\/1\/?p=182811"},"modified":"2020-08-10T06:47:23","modified_gmt":"2020-08-10T09:47:23","slug":"governo-gastou-ate-inicio-de-agosto-54-da-verba-destinada-a-acoes-contra-a-pandemia","status":"publish","type":"post","link":"https:\/\/www.caririemacao.com\/1\/2020\/08\/10\/governo-gastou-ate-inicio-de-agosto-54-da-verba-destinada-a-acoes-contra-a-pandemia\/","title":{"rendered":"Governo gastou at\u00e9 in\u00edcio de agosto 54% da verba destinada a a\u00e7\u00f5es contra a pandemia"},"content":{"rendered":"\n<h1 class=\"wp-block-heading\"><\/h1>\n\n\n\n<p>O governo federal desembolsou at\u00e9 o in\u00edcio de agosto R$ 275,14 bilh\u00f5es para financiar as a\u00e7\u00f5es de combate ao novo coronav\u00edrus e de al\u00edvio dos reflexos da pandemia no pa\u00eds.<\/p>\n\n\n\n<p>Esse valor corresponde a 53,95% do total do or\u00e7amento de R$ 509,97 bilh\u00f5es j\u00e1 autorizados para gastos relacionados \u00e0 pandemia.<\/p>\n\n\n\n<p>Os n\u00fameros foram obtidos em consulta ao Siga Brasil, ferramenta mantida pelo Senado em que \u00e9 poss\u00edvel acompanhar a execu\u00e7\u00e3o or\u00e7ament\u00e1ria e que disp\u00f5e de um espa\u00e7o com informa\u00e7\u00f5es espec\u00edficas sobre os gastos relacionados ao enfrentamento do coronav\u00edrus. A \u00faltima atualiza\u00e7\u00e3o dos n\u00fameros foi em 5 de agosto.<\/p>\n\n\n\n<p>De acordo com o Siga Brasil, a a\u00e7\u00e3o do governo com maior desembolso at\u00e9 o momento \u00e9 o pagamento do aux\u00edlio emergencial, destinado a garantir renda a trabalhadores informais afetados pelas medidas de restri\u00e7\u00e3o adotadas visando desacelerar o cont\u00e1gio pela Covid-19.<\/p>\n\n\n\n<p>At\u00e9 o dia 5 de agosto, haviam sido pagos R$ 167,6 bilh\u00f5es direcionados ao aux\u00edlio emergencial, o que equivale a 60,93% do total dos gastos.<\/p>\n\n\n\n<p>Em segundo lugar est\u00e1 o aux\u00edlio financeiro do governo federal aos estados e munic\u00edpios, cujo desembolso atinge R$ 30 bilh\u00f5es, o equivalente a 10,93% do total desembolsado.<\/p>\n\n\n\n<p>Em 22 de julho, o Tribunal de Contas da Uni\u00e3o (TCU) concedeu 15 dias para o Minist\u00e9rio da Sa\u00fade explicar a estrat\u00e9gia de gastos no combate ao novo coronav\u00edrus. At\u00e9 junho, a pasta gastou 29% do total aprovado. Relator do caso, o ministro Benjamin Zymler afirmou que h\u00e1 &#8220;baixa&#8221; execu\u00e7\u00e3o dos recursos destinados ao minist\u00e9rio para combater a pandemia.<\/p>\n\n\n\n<p>O G1 procurou a assessoria do Pal\u00e1cio do Planalto para comentar a execu\u00e7\u00e3o or\u00e7ament\u00e1ria das a\u00e7\u00f5es voltadas ao enfrentamento da pandemia e aguardava resposta at\u00e9 a \u00faltima atualiza\u00e7\u00e3o desta reportagem.<\/p>\n\n\n\n<p><strong>Dados do Tesouro Nacional<\/strong><\/p>\n\n\n\n<p>Os dados est\u00e3o em linha com os n\u00fameros divulgados pela Secretaria do Tesouro Nacional, por meio do painel de monitoramento das despesas da Uni\u00e3o no combate \u00e0 Covid-19 \u2013 instrumento que traz informa\u00e7\u00f5es atualizadas diariamente.<\/p>\n\n\n\n<p>De acordo com painel do Tesouro Nacional, foram gastos R$ 275,9 bilh\u00f5es pelo governo at\u00e9 este domingo (9), de um total de R$ 512 bilh\u00f5es aprovados. O pagamento foi de 53,88% do total.<\/p>\n\n\n\n<p>A maior parte dos recursos est\u00e1 relacionada com aux\u00edlio emergencial, com despesas de R$ 167,65 bilh\u00f5es &#8211; o equivalente a 65,9% de um total aprovado de R$ 254,4 bilh\u00f5es.<\/p>\n\n\n\n<p>J\u00e1 no aux\u00edlio financeiro aos estados e munic\u00edpios, foram liberados R$ 39,94 bilh\u00f5es, pouco mais da metade dos R$ 79,19 bilh\u00f5es autorizados.<\/p>\n\n\n\n<p>O programa de cr\u00e9dito condicionado \u00e0 manuten\u00e7\u00e3o do emprego, que terminou no fim de julho, por\u00e9m, contou somente com R$ 3,91 bilh\u00f5es gastos, do total de R$ 34 bilh\u00f5es previstos (parte do governo). Parte da dota\u00e7\u00e3o autorizada (R$ 12 bilh\u00f5es) foi direcionada ao Pronampe \u2013 linha de cr\u00e9dito para as micro e pequenas empresas que j\u00e1 se esgotou.<\/p>\n\n\n\n<p><strong>100 mil mortos<\/strong><\/p>\n\n\n\n<p>No s\u00e1bado (8), o Brasil superou a marca dos 100 mil mortos pela Covid-19, cerca de cinco meses ap\u00f3s os registros oficiais dos primeiros casos do novo coronav\u00edrus no pa\u00eds.<\/p>\n\n\n\n<p>&nbsp;&nbsp;&nbsp; MEMORIAL DAS V\u00cdTIMAS DE COVID-19<\/p>\n\n\n\n<p>Segundo levantamento do cons\u00f3rcio de ve\u00edculos de imprensa a partir de dados das secretarias estaduais de Sa\u00fade, at\u00e9 as 8h deste domingo (9) o Brasil tinha 100.546 mortes por coronav\u00edrus confirmadas.<\/p>\n\n\n\n<p>O n\u00famero \u00e9 o dobro das vidas perdidas pela tropa brasileira na Guerra do Paraguai, segundo estimativas. Tamb\u00e9m \u00e9 mais que o dobro do total de brasileiros que contra\u00edram a gripe espanhola.<\/p>\n\n\n\n<p>Considerando todas as v\u00edtimas de acidentes a\u00e9reos do planeta nos \u00faltimos 60 anos, s\u00f3 no Brasil a Covid-19 matou tr\u00eas vezes mais.<\/p>\n","protected":false},"excerpt":{"rendered":"<p>O governo federal desembolsou at\u00e9 o in\u00edcio de agosto R$ 275,14 bilh\u00f5es para financiar as a\u00e7\u00f5es de combate ao novo coronav\u00edrus e de al\u00edvio dos&hellip; <\/p>\n","protected":false},"author":2,"featured_media":182812,"comment_status":"closed","ping_status":"closed","sticky":false,"template":"","format":"standard","meta":{"sfsi_plus_gutenberg_text_before_share":"","sfsi_plus_gutenberg_show_text_before_share":"","sfsi_plus_gutenberg_icon_type":"","sfsi_plus_gutenberg_icon_alignemt":"","sfsi_plus_gutenburg_max_per_row":"","footnotes":""},"categories":[50,11],"tags":[],"class_list":["post-182811","post","type-post","status-publish","format-standard","has-post-thumbnail","hentry","category-destaque","category-politica"],"_links":{"self":[{"href":"https:\/\/www.caririemacao.com\/1\/wp-json\/wp\/v2\/posts\/182811","targetHints":{"allow":["GET"]}}],"collection":[{"href":"https:\/\/www.caririemacao.com\/1\/wp-json\/wp\/v2\/posts"}],"about":[{"href":"https:\/\/www.caririemacao.com\/1\/wp-json\/wp\/v2\/types\/post"}],"author":[{"embeddable":true,"href":"https:\/\/www.caririemacao.com\/1\/wp-json\/wp\/v2\/users\/2"}],"replies":[{"embeddable":true,"href":"https:\/\/www.caririemacao.com\/1\/wp-json\/wp\/v2\/comments?post=182811"}],"version-history":[{"count":1,"href":"https:\/\/www.caririemacao.com\/1\/wp-json\/wp\/v2\/posts\/182811\/revisions"}],"predecessor-version":[{"id":182813,"href":"https:\/\/www.caririemacao.com\/1\/wp-json\/wp\/v2\/posts\/182811\/revisions\/182813"}],"wp:featuredmedia":[{"embeddable":true,"href":"https:\/\/www.caririemacao.com\/1\/wp-json\/wp\/v2\/media\/182812"}],"wp:attachment":[{"href":"https:\/\/www.caririemacao.com\/1\/wp-json\/wp\/v2\/media?parent=182811"}],"wp:term":[{"taxonomy":"category","embeddable":true,"href":"https:\/\/www.caririemacao.com\/1\/wp-json\/wp\/v2\/categories?post=182811"},{"taxonomy":"post_tag","embeddable":true,"href":"https:\/\/www.caririemacao.com\/1\/wp-json\/wp\/v2\/tags?post=182811"}],"curies":[{"name":"wp","href":"https:\/\/api.w.org\/{rel}","templated":true}]}}