{"id":182823,"date":"2020-08-10T07:03:51","date_gmt":"2020-08-10T10:03:51","guid":{"rendered":"https:\/\/www.caririemacao.com\/1\/?p=182823"},"modified":"2020-08-10T07:03:51","modified_gmt":"2020-08-10T10:03:51","slug":"jogo-entre-goias-e-sao-paulo-e-suspenso-por-casos-de-covid","status":"publish","type":"post","link":"https:\/\/www.caririemacao.com\/1\/2020\/08\/10\/jogo-entre-goias-e-sao-paulo-e-suspenso-por-casos-de-covid\/","title":{"rendered":"Jogo entre Goi\u00e1s e S\u00e3o Paulo \u00e9 suspenso por casos de Covid"},"content":{"rendered":"\n<h1 class=\"wp-block-heading\"><\/h1>\n\n\n\n<p>O presidente do tribunal, Ot\u00e1vio Noronha, deferiu o pedido do clube goiano para n\u00e3o entrar em campo ap\u00f3s os casos de Covid-19 detectados no elenco esmeraldino. Logo ap\u00f3s a decis\u00e3o do STJD, a CBF tamb\u00e9m anunciou, em decis\u00e3o paralela, a suspens\u00e3o da partida.<\/p>\n\n\n\n<p>&#8220;Fomos comunicados desses resultados positivos apenas no dia de hoje [domingo] e diante desse fato preferimos agir com coer\u00eancia. Pedimos para que o jogo fosse adiado, entramos com a liminar no STJD com essas alega\u00e7\u00f5es, porque desportivamente seria uma coisa totalmente descabida. Diante disso prevaleceu a coer\u00eancia, o bom senso, o STJD agiu de forma correta e deu o adiamento da partida.&#8221;, afirmou o presidente do Goi\u00e1s, Marcelo Paz, em entrevista \u00e0 TV Globo.<\/p>\n\n\n\n<p>Os atletas do S\u00e3o Paulo foram a campo e aguardaram o in\u00edcio da partida, mas os jogadores do Goi\u00e1s permaneceram nos vesti\u00e1rios. O clube chegou a divulgar a escala\u00e7\u00e3o, complementada com atletas que n\u00e3o haviam sido relacionados inicialmente para o duelo, mas acabaram n\u00e3o precisando entrar em campo.<\/p>\n\n\n\n<p>O S\u00e3o Paulo, em nota, disse que apoiou a decis\u00e3o pelo adiamento.<\/p>\n\n\n\n<p>&#8220;O S\u00e3o Paulo manifesta apoio e informa que est\u00e1 de acordo com a decis\u00e3o de adiamento do jogo deste domingo, em Goi\u00e2nia. N\u00e3o h\u00e1 nada mais importante, neste momento, do que preservar a sa\u00fade e refletir \u00e0 sociedade a import\u00e2ncia dos cuidados&#8221;, escreveu o clube tricolor no Twitter.<\/p>\n\n\n\n<p>Dez jogadores do elenco esmeraldino, oito deles titulares da equipe, receberam testes positivos de Covid-19. Os exames foram realizados nos 26 atletas do grupo na \u00faltima sexta (7), mas entregues apenas na manh\u00e3 deste domingo.<\/p>\n\n\n\n<p>Os primeiros testes feitos na \u00faltima quinta-feira (6) foram invalidados em raz\u00e3o de uma falha do laborat\u00f3rio escolhido pela CBF. A nova bateria de exames s\u00f3 p\u00f4de ser realizada na sexta e os resultados n\u00e3o puderam ficar prontos 24 horas antes do jogo, como determina o protocolo sanit\u00e1rio da competi\u00e7\u00e3o.<\/p>\n\n\n\n<p>Ainda de acordo com o protocolo, cujo documento tem 60 p\u00e1ginas, os testes devem ser realizados 72h antes dos jogos, com a aprova\u00e7\u00e3o por parte da entidade da lista de profissionais envolvidos no evento at\u00e9 24h antes do apito inicial.<\/p>\n\n\n\n<p>O Hospital Albert Einstein, parceiro da CBF no processo de realiza\u00e7\u00e3o e monitoramento dos testes de Covid-19 nos clubes, confirmou que houve uma falha nos procedimentos dos exames de atletas do Goi\u00e1s.<\/p>\n\n\n\n<p>Tamb\u00e9m neste domingo, o jogo entre Treze-PB x Imperatriz-MA, pela S\u00e9rie C do Campeonato Brasileiro, foi adiado pela CBF. Os testes de Covid-19 no clube maranhense identificaram 12 atletas infectados com a doen\u00e7a entre os 19 inscritos para a competi\u00e7\u00e3o.<\/p>\n\n\n\n<p>O Brasileiro iniciou neste fim de semana, o mesmo em que o Brasil superou a marca de 100 mil mortes decorrentes da Covid-19. Por conta da pandemia, tr\u00eas partidas da primeira rodada da S\u00e9rie A do Nacional j\u00e1 haviam sido adiadas, uma vez que h\u00e1 estaduais que terminaram somente neste fim de semana, como o Paulista e o Baiano.<\/p>\n\n\n\n<p>Com o adiamento de S\u00e3o Paulo x Goi\u00e1s, quase metade da rodada inicial da competi\u00e7\u00e3o n\u00e3o p\u00f4de ser disputada neste fim de semana.<\/p>\n","protected":false},"excerpt":{"rendered":"<p>O presidente do tribunal, Ot\u00e1vio Noronha, deferiu o pedido do clube goiano para n\u00e3o entrar em campo ap\u00f3s os casos de Covid-19 detectados no elenco&hellip; <\/p>\n","protected":false},"author":2,"featured_media":182824,"comment_status":"closed","ping_status":"closed","sticky":false,"template":"","format":"standard","meta":{"sfsi_plus_gutenberg_text_before_share":"","sfsi_plus_gutenberg_show_text_before_share":"","sfsi_plus_gutenberg_icon_type":"","sfsi_plus_gutenberg_icon_alignemt":"","sfsi_plus_gutenburg_max_per_row":"","footnotes":""},"categories":[50,13],"tags":[],"class_list":["post-182823","post","type-post","status-publish","format-standard","has-post-thumbnail","hentry","category-destaque","category-esportes"],"_links":{"self":[{"href":"https:\/\/www.caririemacao.com\/1\/wp-json\/wp\/v2\/posts\/182823","targetHints":{"allow":["GET"]}}],"collection":[{"href":"https:\/\/www.caririemacao.com\/1\/wp-json\/wp\/v2\/posts"}],"about":[{"href":"https:\/\/www.caririemacao.com\/1\/wp-json\/wp\/v2\/types\/post"}],"author":[{"embeddable":true,"href":"https:\/\/www.caririemacao.com\/1\/wp-json\/wp\/v2\/users\/2"}],"replies":[{"embeddable":true,"href":"https:\/\/www.caririemacao.com\/1\/wp-json\/wp\/v2\/comments?post=182823"}],"version-history":[{"count":1,"href":"https:\/\/www.caririemacao.com\/1\/wp-json\/wp\/v2\/posts\/182823\/revisions"}],"predecessor-version":[{"id":182825,"href":"https:\/\/www.caririemacao.com\/1\/wp-json\/wp\/v2\/posts\/182823\/revisions\/182825"}],"wp:featuredmedia":[{"embeddable":true,"href":"https:\/\/www.caririemacao.com\/1\/wp-json\/wp\/v2\/media\/182824"}],"wp:attachment":[{"href":"https:\/\/www.caririemacao.com\/1\/wp-json\/wp\/v2\/media?parent=182823"}],"wp:term":[{"taxonomy":"category","embeddable":true,"href":"https:\/\/www.caririemacao.com\/1\/wp-json\/wp\/v2\/categories?post=182823"},{"taxonomy":"post_tag","embeddable":true,"href":"https:\/\/www.caririemacao.com\/1\/wp-json\/wp\/v2\/tags?post=182823"}],"curies":[{"name":"wp","href":"https:\/\/api.w.org\/{rel}","templated":true}]}}