{"id":182831,"date":"2020-08-10T07:13:08","date_gmt":"2020-08-10T10:13:08","guid":{"rendered":"https:\/\/www.caririemacao.com\/1\/?p=182831"},"modified":"2020-08-10T07:13:08","modified_gmt":"2020-08-10T10:13:08","slug":"presidente-bolsonaro-acusa-rede-globo-de-propagar-panico","status":"publish","type":"post","link":"https:\/\/www.caririemacao.com\/1\/2020\/08\/10\/presidente-bolsonaro-acusa-rede-globo-de-propagar-panico\/","title":{"rendered":"Presidente Bolsonaro acusa Rede Globo de propagar \u201cp\u00e2nico\u201d"},"content":{"rendered":"\n<h1 class=\"wp-block-heading\"><\/h1>\n\n\n\n<p>O Brasil se consolidou como um dos epicentros da transmiss\u00e3o do v\u00edrus no mundo. O pa\u00eds beira os 3 milh\u00f5es de casos registrados, segundo dados coletados com as secretarias estaduais da sa\u00fade pelo cons\u00f3rcio formado por Folha de S. Paulo, UOL, O Estado de S. Paulo, Extra, o Globo e G1.<\/p>\n\n\n\n<p>Em uma mensagem no Facebook, Bolsonaro republicou uma reportagem do jornal brit\u00e2nico Daily Mail que cita n\u00fameros oficiais para argumentar que o \u2018lockdown\u2019 -confinamento radical aplicado naquele pa\u00eds\u2013 matou duas pessoas para cada tr\u00eas que morreram de Covid, entre 23 de mar\u00e7o e 1\u00ba de maio.<\/p>\n\n\n\n<p>Segundo a publica\u00e7\u00e3o, 16.000 brit\u00e2nicos morreram no per\u00edodo por n\u00e3o terem tido acesso a servi\u00e7os de sa\u00fade, enquanto a Covid-19 matou 25 mil pessoas no mesmo intervalo.<\/p>\n\n\n\n<p>\u201cConclui-se que o \u2018lockdown\u2019 matou duas pessoas para cada tr\u00eas de Covid no Reino Unido. No Brasil, mesmo ainda sem dados oficiais, os n\u00fameros n\u00e3o seriam muito diferentes\u201d, escreveu Bolsonaro, que desde o in\u00edcio da crise se colocou como um cr\u00edtico de medidas restritivas adotadas por governadores para tentar conter a curva de contamina\u00e7\u00e3o.<\/p>\n\n\n\n<p>O presidente tamb\u00e9m se destacou de outros l\u00edderes internacionais por ter minimizado os impactos da pandemia e provocado aglomera\u00e7\u00f5es \u2013muitas vezes sem m\u00e1scara de prote\u00e7\u00e3o facial\u2013 mesmo quando alertado por especialistas que o isolamento era fundamental para reduzir o n\u00famero de novos casos.<\/p>\n\n\n\n<p>Criticado por n\u00e3o ter manifestado pesar pelos 100 mil mortos no s\u00e1bado, como fizeram os presidentes da C\u00e2mara, do Senado e do STF (Supremo Tribunal Federal), Bolsonaro disse neste domingo que lamenta \u201ccada morte, seja qual for a sua causa, como a dos tr\u00eas bravos policiais militares executados em S\u00e3o Paulo\u201d. Os policiais citados foram mortos ap\u00f3s abordagem por um homem que se apresentou falsamente como policial civil.<\/p>\n\n\n\n<p>\u201cQuanto \u00e0 pandemia, n\u00e3o faltaram recursos, equipamentos e medicamentos para estados e munic\u00edpios. N\u00e3o se tem not\u00edcias, ou seriam raras, de filas em hospitais por falta de leitos UTIs [Unidades de Terapia Intensiva] ou respiradores\u201d, continuou Bolsonaro, na mesma mensagem no Facebook.<\/p>\n\n\n\n<p>Bolsonaro concluiu sua publica\u00e7\u00e3o investindo contra a TV Globo. Ele n\u00e3o citou a maior emissora do pa\u00eds nominalmente, mas referiu-se a ela como \u201caquela grande rede de TV que s\u00f3 espalhou o p\u00e2nico na popula\u00e7\u00e3o e a disc\u00f3rdia entre os Poderes\u201d. Bolsonaro trata a Globo como advers\u00e1ria do governo e j\u00e1 amea\u00e7ou n\u00e3o renovar a concess\u00e3o da emissora.<\/p>\n\n\n\n<p>\u201cNo mais, essa mesma rede de TV desdenhou, debochou e desestimulou o uso da hidroxicloroquina que, mesmo n\u00e3o tendo ainda comprova\u00e7\u00e3o cient\u00edfica, salvou a minha vida e, como relatos, a de milhares de brasileiros\u201d, escreveu Bolsonaro, que anunciou no dia 7 de julho ter sido contaminado pelo coronav\u00edrus.<img decoding=\"async\" data-src=\"https:\/\/paraibaonline.com.br\/wp-content\/uploads\/2020\/08\/bolsonaro-1-567x406.jpg\" alt=\"Foto: Isac N\u00f3brega\/PR\" data-srcset=\"https:\/\/paraibaonline.com.br\/wp-content\/uploads\/2020\/08\/bolsonaro-1-567x406.jpg 567w, https:\/\/paraibaonline.com.br\/wp-content\/uploads\/2020\/08\/bolsonaro-1.jpg 800w\" src=\"data:image\/svg+xml;base64,PHN2ZyB3aWR0aD0iMSIgaGVpZ2h0PSIxIiB4bWxucz0iaHR0cDovL3d3dy53My5vcmcvMjAwMC9zdmciPjwvc3ZnPg==\" class=\"lazyload\" style=\"--smush-placeholder-width: 567px; --smush-placeholder-aspect-ratio: 567\/406;\"><\/p>\n\n\n\n<p>Foto: Isac N\u00f3brega\/PR<\/p>\n\n\n\n<p>O presidente se recuperou sem sentir maiores sintomas e diz ter sido medicado com a hidroxicloroquina, rem\u00e9dio efic\u00e1cia cient\u00edfica para o coronav\u00edrus n\u00e3o \u00e9 comprovada. Estudos apontaram ainda para o risco de efeitos colaterais relacionados ao uso da droga.<\/p>\n\n\n\n<p>Bolsonaro escreveu ainda que a \u201cdesinforma\u00e7\u00e3o mata mais at\u00e9 que o pr\u00f3prio v\u00edrus\u201d e acusou a Globo de fazer uso pol\u00edtico da pandemia, sugerindo que a TV seria respons\u00e1vel por mortes que poderiam ter sido evitadas.<\/p>\n\n\n\n<p>A Globo tem dado grande destaque para a crise da Covid-19 em sua cobertura jornal\u00edstica, ressaltando as recomenda\u00e7\u00f5es de distanciamento social emitidas por diversos especialistas e pela OMS (Organiza\u00e7\u00e3o Mundial de Sa\u00fade) e dando espa\u00e7oem seu notici\u00e1rio para contar as hist\u00f3rias de v\u00edtimas da pandemia.<\/p>\n\n\n\n<p>Por \u00faltimo, tamb\u00e9m sem cit\u00e1-la nominalmente, Bolsonaro afirmou que a rede de televis\u00e3o festejou o marco dos 100 mil mortos na sua edi\u00e7\u00e3o do Jornal Nacional, o que \u00e9 falso.<\/p>\n\n\n\n<p>\u201cDe forma covarde e desrespeitosa aos 100 mil brasileiros mortos, essa TV festejou essa data no dia de ontem, como uma verdadeira final da Copa do Mundo, culpando o presidente da Rep\u00fablica por todos os \u00f3bitos\u201d, afirmou.<\/p>\n\n\n\n<p>Na edi\u00e7\u00e3o de s\u00e1bado do Jornal Nacional, um editorial lido pelos apresentadores destacou que o direito \u00e0 sa\u00fade \u00e9 previsto na Constitui\u00e7\u00e3o, mas que mesmo em meio \u00e0 pandemia o pa\u00eds permanece sem um ministro da Sa\u00fade titular.<\/p>\n\n\n\n<p>O telejornal tamb\u00e9m lembrou diversas declara\u00e7\u00f5es minimizando a doen\u00e7a feitas por Bolsonaro \u2013como quando ele reagiu com um \u2018E da\u00ed?\u2019 ao ser questionado sobre a avan\u00e7o de mortes no pa\u00eds\u2013 e concluiu o editorial questionando os telespectadores se o presidente e outras autoridades cumpriram com o dever de garantir acesso \u00e0 sa\u00fade para a popula\u00e7\u00e3o.<\/p>\n","protected":false},"excerpt":{"rendered":"<p>O Brasil se consolidou como um dos epicentros da transmiss\u00e3o do v\u00edrus no mundo. O pa\u00eds beira os 3 milh\u00f5es de casos registrados, segundo dados&hellip; <\/p>\n","protected":false},"author":2,"featured_media":182554,"comment_status":"closed","ping_status":"closed","sticky":false,"template":"","format":"standard","meta":{"sfsi_plus_gutenberg_text_before_share":"","sfsi_plus_gutenberg_show_text_before_share":"","sfsi_plus_gutenberg_icon_type":"","sfsi_plus_gutenberg_icon_alignemt":"","sfsi_plus_gutenburg_max_per_row":"","footnotes":""},"categories":[11],"tags":[],"class_list":["post-182831","post","type-post","status-publish","format-standard","has-post-thumbnail","hentry","category-politica"],"_links":{"self":[{"href":"https:\/\/www.caririemacao.com\/1\/wp-json\/wp\/v2\/posts\/182831","targetHints":{"allow":["GET"]}}],"collection":[{"href":"https:\/\/www.caririemacao.com\/1\/wp-json\/wp\/v2\/posts"}],"about":[{"href":"https:\/\/www.caririemacao.com\/1\/wp-json\/wp\/v2\/types\/post"}],"author":[{"embeddable":true,"href":"https:\/\/www.caririemacao.com\/1\/wp-json\/wp\/v2\/users\/2"}],"replies":[{"embeddable":true,"href":"https:\/\/www.caririemacao.com\/1\/wp-json\/wp\/v2\/comments?post=182831"}],"version-history":[{"count":1,"href":"https:\/\/www.caririemacao.com\/1\/wp-json\/wp\/v2\/posts\/182831\/revisions"}],"predecessor-version":[{"id":182832,"href":"https:\/\/www.caririemacao.com\/1\/wp-json\/wp\/v2\/posts\/182831\/revisions\/182832"}],"wp:featuredmedia":[{"embeddable":true,"href":"https:\/\/www.caririemacao.com\/1\/wp-json\/wp\/v2\/media\/182554"}],"wp:attachment":[{"href":"https:\/\/www.caririemacao.com\/1\/wp-json\/wp\/v2\/media?parent=182831"}],"wp:term":[{"taxonomy":"category","embeddable":true,"href":"https:\/\/www.caririemacao.com\/1\/wp-json\/wp\/v2\/categories?post=182831"},{"taxonomy":"post_tag","embeddable":true,"href":"https:\/\/www.caririemacao.com\/1\/wp-json\/wp\/v2\/tags?post=182831"}],"curies":[{"name":"wp","href":"https:\/\/api.w.org\/{rel}","templated":true}]}}