{"id":182837,"date":"2020-08-10T08:19:41","date_gmt":"2020-08-10T11:19:41","guid":{"rendered":"https:\/\/www.caririemacao.com\/1\/?p=182837"},"modified":"2020-08-10T08:19:41","modified_gmt":"2020-08-10T11:19:41","slug":"bolsonaro-convida-temer-para-chefiar-missao-humanitaria-no-libano","status":"publish","type":"post","link":"https:\/\/www.caririemacao.com\/1\/2020\/08\/10\/bolsonaro-convida-temer-para-chefiar-missao-humanitaria-no-libano\/","title":{"rendered":"Bolsonaro convida Temer para chefiar miss\u00e3o humanit\u00e1ria no L\u00edbano"},"content":{"rendered":"\n<h2 class=\"wp-block-heading\"><\/h2>\n\n\n\n<p>O presidente Jair Bolsonaro participou, na manh\u00e3 deste&nbsp;domingo&nbsp;(9), de uma videoconfer\u00eancia com outros chefes de Estado e de governo para tratar das a\u00e7\u00f5es de apoio ao L\u00edbano. Na \u00faltima&nbsp;ter\u00e7a-feira (4), uma&nbsp;<a href=\"https:\/\/agenciabrasil.ebc.com.br\/internacional\/noticia\/2020-08\/libano-lida-com-devastacao-feita-por-explosoes-no-porto\" target=\"_blank\" rel=\"noreferrer noopener\">grande explos\u00e3o<\/a>&nbsp;na zona portu\u00e1ria de Beirute, capital do pa\u00eds, deixou um saldo de centenas de mortes e milhares de feridos. Ao detalhar as a\u00e7\u00f5es do governo brasileiro, Bolsonaro disse que convidou o ex-presidente Michel Temer, que tem ascend\u00eancia libanesa, para coordenar a miss\u00e3o.&nbsp;<img decoding=\"async\" data-src=\"https:\/\/agenciabrasil.ebc.com.br\/ebc.png?id=1313287&amp;o=node\" src=\"data:image\/svg+xml;base64,PHN2ZyB3aWR0aD0iMSIgaGVpZ2h0PSIxIiB4bWxucz0iaHR0cDovL3d3dy53My5vcmcvMjAwMC9zdmciPjwvc3ZnPg==\" class=\"lazyload\"><img decoding=\"async\" data-src=\"https:\/\/agenciabrasil.ebc.com.br\/ebc.gif?id=1313287&amp;o=node\" src=\"data:image\/svg+xml;base64,PHN2ZyB3aWR0aD0iMSIgaGVpZ2h0PSIxIiB4bWxucz0iaHR0cDovL3d3dy53My5vcmcvMjAwMC9zdmciPjwvc3ZnPg==\" class=\"lazyload\"><\/p>\n\n\n\n<p>&#8220;Nos pr\u00f3ximos dias, partir\u00e1 do Brasil, rumo ao L\u00edbano, uma aeronave da For\u00e7a A\u00e9rea Brasileira com medicamentos e insumos b\u00e1sicos de sa\u00fade, reunidos pela comunidade libanesa radicada no Brasil. Tamb\u00e9m estamos preparando o envio, por via mar\u00edtima, de 4 mil toneladas de arroz, para atenuar as consequ\u00eancias da perda dos estoques de cereais destru\u00eddos na explos\u00e3o. Estamos acertando, com o governo liban\u00eas, o envio de uma equipe t\u00e9cnica, multidisciplinar, para colaborar na realiza\u00e7\u00e3o da per\u00edcia da explos\u00e3o. Convidei, como o meu enviado especial e chefe dessa miss\u00e3o, o senhor Michel Temer, filho de libaneses e ex-presidente do Brasil&#8221;, afirmou Bolsonaro.<\/p>\n\n\n\n<p>Em nota, a assessoria de Temer informou que o ex-presidente &#8220;est\u00e1 honrado&#8221; com o convite. &#8220;Quando o ato for publicado no<em>&nbsp;Di\u00e1rio Oficial<\/em>&nbsp;ser\u00e3o tomadas as medidas necess\u00e1rias para viabilizar a tarefa&#8221;, diz a nota.<\/p>\n\n\n\n<p>A videoconfer\u00eancia foi iniciativa do presidente da Fran\u00e7a, Emmanuel Macron, e contou com a participa\u00e7\u00e3o do presidente dos Estados Unidos, Donald Trump, do presidente do L\u00edbano, Michel Aoun, al\u00e9m dos l\u00edderes de pa\u00edses como Egito, Catar e Jord\u00e2nia, entre outros. Em seu breve pronunciamento, Bolsonaro classificou a reuni\u00e3o como necess\u00e1ria e urgente, reafirmou suas condol\u00eancias \u00e0s fam\u00edlias das v\u00edtimas da trag\u00e9dia e destacou a rela\u00e7\u00e3o hist\u00f3rica entre L\u00edbano e Brasil.&nbsp;<\/p>\n\n\n\n<p>&#8220;O Brasil \u00e9 lar da maior di\u00e1spora libanesa no mundo, 10 milh\u00f5es de brasileiros de ascend\u00eancia libanesa formam uma comunidade trabalhadora, din\u00e2mica e participativa, que contribui de forma inestim\u00e1vel com o nosso pa\u00eds. Por essa raz\u00e3o, tudo que afeta o L\u00edbano nos afeta como se fosse o nosso pr\u00f3prio lar e a nossa pr\u00f3pria p\u00e1tria&#8221;, disse.&nbsp;<\/p>\n","protected":false},"excerpt":{"rendered":"<p>O presidente Jair Bolsonaro participou, na manh\u00e3 deste&nbsp;domingo&nbsp;(9), de uma videoconfer\u00eancia com outros chefes de Estado e de governo para tratar das a\u00e7\u00f5es de apoio&hellip; <\/p>\n","protected":false},"author":2,"featured_media":182838,"comment_status":"closed","ping_status":"closed","sticky":false,"template":"","format":"standard","meta":{"sfsi_plus_gutenberg_text_before_share":"","sfsi_plus_gutenberg_show_text_before_share":"","sfsi_plus_gutenberg_icon_type":"","sfsi_plus_gutenberg_icon_alignemt":"","sfsi_plus_gutenburg_max_per_row":"","footnotes":""},"categories":[11],"tags":[],"class_list":["post-182837","post","type-post","status-publish","format-standard","has-post-thumbnail","hentry","category-politica"],"_links":{"self":[{"href":"https:\/\/www.caririemacao.com\/1\/wp-json\/wp\/v2\/posts\/182837","targetHints":{"allow":["GET"]}}],"collection":[{"href":"https:\/\/www.caririemacao.com\/1\/wp-json\/wp\/v2\/posts"}],"about":[{"href":"https:\/\/www.caririemacao.com\/1\/wp-json\/wp\/v2\/types\/post"}],"author":[{"embeddable":true,"href":"https:\/\/www.caririemacao.com\/1\/wp-json\/wp\/v2\/users\/2"}],"replies":[{"embeddable":true,"href":"https:\/\/www.caririemacao.com\/1\/wp-json\/wp\/v2\/comments?post=182837"}],"version-history":[{"count":1,"href":"https:\/\/www.caririemacao.com\/1\/wp-json\/wp\/v2\/posts\/182837\/revisions"}],"predecessor-version":[{"id":182839,"href":"https:\/\/www.caririemacao.com\/1\/wp-json\/wp\/v2\/posts\/182837\/revisions\/182839"}],"wp:featuredmedia":[{"embeddable":true,"href":"https:\/\/www.caririemacao.com\/1\/wp-json\/wp\/v2\/media\/182838"}],"wp:attachment":[{"href":"https:\/\/www.caririemacao.com\/1\/wp-json\/wp\/v2\/media?parent=182837"}],"wp:term":[{"taxonomy":"category","embeddable":true,"href":"https:\/\/www.caririemacao.com\/1\/wp-json\/wp\/v2\/categories?post=182837"},{"taxonomy":"post_tag","embeddable":true,"href":"https:\/\/www.caririemacao.com\/1\/wp-json\/wp\/v2\/tags?post=182837"}],"curies":[{"name":"wp","href":"https:\/\/api.w.org\/{rel}","templated":true}]}}