{"id":182841,"date":"2020-08-10T08:23:41","date_gmt":"2020-08-10T11:23:41","guid":{"rendered":"https:\/\/www.caririemacao.com\/1\/?p=182841"},"modified":"2020-08-10T08:23:41","modified_gmt":"2020-08-10T11:23:41","slug":"flamengo-perde-para-o-atletico-mineiro-no-maracana","status":"publish","type":"post","link":"https:\/\/www.caririemacao.com\/1\/2020\/08\/10\/flamengo-perde-para-o-atletico-mineiro-no-maracana\/","title":{"rendered":"Flamengo perde para o Atl\u00e9tico mineiro no Maracan\u00e3"},"content":{"rendered":"\n<h2 class=\"wp-block-heading\"><\/h2>\n\n\n\n<p>Na tarde deste domingo (9) o Atl\u00e9tico Mineiro fez 1 a 0 no Flamengo no Maracan\u00e3. A estreia dos dois times foi marcada por muita intensidade das duas equipes.<img decoding=\"async\" data-src=\"https:\/\/agenciabrasil.ebc.com.br\/ebc.png?id=1313302&amp;o=node\" src=\"data:image\/svg+xml;base64,PHN2ZyB3aWR0aD0iMSIgaGVpZ2h0PSIxIiB4bWxucz0iaHR0cDovL3d3dy53My5vcmcvMjAwMC9zdmciPjwvc3ZnPg==\" class=\"lazyload\"><img decoding=\"async\" data-src=\"https:\/\/agenciabrasil.ebc.com.br\/ebc.gif?id=1313302&amp;o=node\" src=\"data:image\/svg+xml;base64,PHN2ZyB3aWR0aD0iMSIgaGVpZ2h0PSIxIiB4bWxucz0iaHR0cDovL3d3dy53My5vcmcvMjAwMC9zdmciPjwvc3ZnPg==\" class=\"lazyload\"><\/p>\n\n\n\n<p>Os visitantes tentaram tomar conta da partida nos primeiros minutos, mas o Flamengo desperdi\u00e7ou uma excelente oportunidade aos 7 minutos. Bruno Henrique passou pelo goleiro Rafael e acertou a trave. Depois a partida seguiu equilibrada at\u00e9 os 23 minutos, quando o lateral-esquerdo Guilherme Arana foi ao fundo e cruzou. Filipe Lu\u00eds, na pequena \u00e1rea, tentou afastar, mas marcou contra. Atl\u00e9tico 1 a 0.<\/p>\n\n\n\n<p>Depois, aos 31, o centroavante Gabriel Barbosa teve uma boa chance, chutando colocado. Aos 37, foi a vez do Galo amea\u00e7ar. Em contra-ataque, o atacante Savarino chuta em cima do goleiro Diego Alves. Aos 39 e aos 45 minutos, o Flamengo poderia ter marcado. Mas Bruno Henrique e Gabriel Barbosa perderam a chance.<\/p>\n\n\n\n<p>Depois, no segundo tempo, o t\u00e9cnico Jorge Sampaoli manteve a equipe for\u00e7ando a marca\u00e7\u00e3o na sa\u00edda de bola do advers\u00e1rio e n\u00e3o foi t\u00e3o amea\u00e7ada. A maior chance dos donos da casa foi logo aos 4 minutos. Gabigol, lan\u00e7ado na frente, finalizou pra fora. O auxiliar chegou a marcar impedimento e os flamenguistas reclamaram a marca\u00e7\u00e3o de um p\u00eanalti. Ao analisar o VAR, o \u00e1rbitro Raphael Claus descartou o impedimento, mas tamb\u00e9m n\u00e3o marcou a penalidade m\u00e1xima. Na sequ\u00eancia, o Atl\u00e9tico Mineiro bloqueou bem o Flamengo e manteve o placar em 1 a 0.<\/p>\n\n\n\n<p>Na segunda rodada, o Atl\u00e9tico recebe o Corinthians, na quarta-feira (13), \u00e0s 19h15. O Flamengo visita o Atl\u00e9tico Goianiense, na quarta-feira (12), \u00e0s 20h30.&nbsp;<\/p>\n\n\n\n<h2 class=\"wp-block-heading\">Santos e Bragantino empatam na estreia<\/h2>\n\n\n\n<p>Na Vila Belmiro, em Santos (SP), Santos e Bragantino fizeram a primeira partida no Campeonato Brasileiro e ficaram no empate: 1 a 1. Na etapa inicial, o jogo foi bastante semelhante e teve como a principal oportunidade o p\u00eanalti perdido por Carlos S\u00e1nchez para o Santos, aos 18 minutos.<\/p>\n\n\n\n<p>Na segunda etapa, o Santos abriu o placar aos 19 minutos. Marinho recebeu na intermedi\u00e1ria, ajeitou e chutou forte. O goleiro Cleiton foi enganado quando a bola bateu no ch\u00e3o e n\u00e3o conseguiu evitar o gol. Santos 1 a 0 Bragantino.<\/p>\n\n\n\n<p>E, quando parecia que o Peixe sairia com os 3 pontos na reestreia do treinador Cuca, o Bragantino empatou aos 47 minutos. Artur cobrou o escanteio, a zaga santista falhou e Claudinho aproveitou. A jogada chegou a ser analisada pelo \u00e1rbitro Ricardo Marques. Mas o gol dos visitantes foi legal. Placar final: Santos 1 a 1 Bragantino.<\/p>\n\n\n\n<p>Na quarta-feira, \u00e0s 19h15, o Bragantino recebe o Botafogo. O Santos vai at\u00e9 o Rio Grande do Sul para enfrentar o Inter, na quinta-feira (13), \u00e0s 19h30.<\/p>\n\n\n\n<h2 class=\"wp-block-heading\">Jogos adiados<\/h2>\n\n\n\n<p>Al\u00e9m da partida entre Goi\u00e1s e S\u00e3o Paulo, que foi adiada por causa dos 10 jogadores do Goi\u00e1s que tiveram resultados positivos nos testes da covid-19, outras tr\u00eas partidas tamb\u00e9m ser\u00e3o disputadas em outras datas: Botafogo x Bahia, Palmeiras x Vasco e Corinthians x Atl\u00e9tico Goianiense.<\/p>\n","protected":false},"excerpt":{"rendered":"<p>Na tarde deste domingo (9) o Atl\u00e9tico Mineiro fez 1 a 0 no Flamengo no Maracan\u00e3. A estreia dos dois times foi marcada por muita&hellip; <\/p>\n","protected":false},"author":2,"featured_media":182842,"comment_status":"closed","ping_status":"closed","sticky":false,"template":"","format":"standard","meta":{"sfsi_plus_gutenberg_text_before_share":"","sfsi_plus_gutenberg_show_text_before_share":"","sfsi_plus_gutenberg_icon_type":"","sfsi_plus_gutenberg_icon_alignemt":"","sfsi_plus_gutenburg_max_per_row":"","footnotes":""},"categories":[50,13],"tags":[],"class_list":["post-182841","post","type-post","status-publish","format-standard","has-post-thumbnail","hentry","category-destaque","category-esportes"],"_links":{"self":[{"href":"https:\/\/www.caririemacao.com\/1\/wp-json\/wp\/v2\/posts\/182841","targetHints":{"allow":["GET"]}}],"collection":[{"href":"https:\/\/www.caririemacao.com\/1\/wp-json\/wp\/v2\/posts"}],"about":[{"href":"https:\/\/www.caririemacao.com\/1\/wp-json\/wp\/v2\/types\/post"}],"author":[{"embeddable":true,"href":"https:\/\/www.caririemacao.com\/1\/wp-json\/wp\/v2\/users\/2"}],"replies":[{"embeddable":true,"href":"https:\/\/www.caririemacao.com\/1\/wp-json\/wp\/v2\/comments?post=182841"}],"version-history":[{"count":1,"href":"https:\/\/www.caririemacao.com\/1\/wp-json\/wp\/v2\/posts\/182841\/revisions"}],"predecessor-version":[{"id":182843,"href":"https:\/\/www.caririemacao.com\/1\/wp-json\/wp\/v2\/posts\/182841\/revisions\/182843"}],"wp:featuredmedia":[{"embeddable":true,"href":"https:\/\/www.caririemacao.com\/1\/wp-json\/wp\/v2\/media\/182842"}],"wp:attachment":[{"href":"https:\/\/www.caririemacao.com\/1\/wp-json\/wp\/v2\/media?parent=182841"}],"wp:term":[{"taxonomy":"category","embeddable":true,"href":"https:\/\/www.caririemacao.com\/1\/wp-json\/wp\/v2\/categories?post=182841"},{"taxonomy":"post_tag","embeddable":true,"href":"https:\/\/www.caririemacao.com\/1\/wp-json\/wp\/v2\/tags?post=182841"}],"curies":[{"name":"wp","href":"https:\/\/api.w.org\/{rel}","templated":true}]}}