{"id":182845,"date":"2020-08-10T08:25:23","date_gmt":"2020-08-10T11:25:23","guid":{"rendered":"https:\/\/www.caririemacao.com\/1\/?p=182845"},"modified":"2020-08-10T08:25:23","modified_gmt":"2020-08-10T11:25:23","slug":"policia-prende-na-regiao-do-cariri-dupla-que-roubava-linha-ferrea","status":"publish","type":"post","link":"https:\/\/www.caririemacao.com\/1\/2020\/08\/10\/policia-prende-na-regiao-do-cariri-dupla-que-roubava-linha-ferrea\/","title":{"rendered":"Pol\u00edcia prende na regi\u00e3o do Cariri dupla que roubava linha f\u00e9rrea"},"content":{"rendered":"\n<h1 class=\"wp-block-heading\"><\/h1>\n\n\n\n<p>Policiais Militares, pertencentes a 3\u00aa Companhia do 3\u00b0 BPM, que realizavam a \u2018Opera\u00e7\u00e3o Por do Sol\u2019, prenderam na tarde desta sexta-feira, (7) dois indiv\u00edduos, que estavam furtando os trilhos da linha f\u00e9rrea na zona rural da cidade de Assun\u00e7\u00e3o, Cariri da Para\u00edba.<\/p>\n\n\n\n<p>No local a pol\u00edcia encontrou v\u00e1rios trilhos serrados por meio de ma\u00e7aricos, e um caminh\u00e3o que estava sendo carregado, onde j\u00e1 havia aproximadamente 5.000 kg de ferro na ca\u00e7amba do caminh\u00e3o, onde tamb\u00e9m havia algumas outras toneladas de trilhos empilhados para ser transportado.<\/p>\n\n\n\n<p>Os dois homens presos na opera\u00e7\u00e3o, t\u00eam passagem por outros crimes, foram apresentados na Delegacia de Pol\u00edcia Civil de Teixeira-PB.<\/p>\n","protected":false},"excerpt":{"rendered":"<p>Policiais Militares, pertencentes a 3\u00aa Companhia do 3\u00b0 BPM, que realizavam a \u2018Opera\u00e7\u00e3o Por do Sol\u2019, prenderam na tarde desta sexta-feira, (7) dois indiv\u00edduos, que&hellip; <\/p>\n","protected":false},"author":2,"featured_media":182846,"comment_status":"closed","ping_status":"closed","sticky":false,"template":"","format":"standard","meta":{"sfsi_plus_gutenberg_text_before_share":"","sfsi_plus_gutenberg_show_text_before_share":"","sfsi_plus_gutenberg_icon_type":"","sfsi_plus_gutenberg_icon_alignemt":"","sfsi_plus_gutenburg_max_per_row":"","footnotes":""},"categories":[12],"tags":[],"class_list":["post-182845","post","type-post","status-publish","format-standard","has-post-thumbnail","hentry","category-policia"],"_links":{"self":[{"href":"https:\/\/www.caririemacao.com\/1\/wp-json\/wp\/v2\/posts\/182845","targetHints":{"allow":["GET"]}}],"collection":[{"href":"https:\/\/www.caririemacao.com\/1\/wp-json\/wp\/v2\/posts"}],"about":[{"href":"https:\/\/www.caririemacao.com\/1\/wp-json\/wp\/v2\/types\/post"}],"author":[{"embeddable":true,"href":"https:\/\/www.caririemacao.com\/1\/wp-json\/wp\/v2\/users\/2"}],"replies":[{"embeddable":true,"href":"https:\/\/www.caririemacao.com\/1\/wp-json\/wp\/v2\/comments?post=182845"}],"version-history":[{"count":1,"href":"https:\/\/www.caririemacao.com\/1\/wp-json\/wp\/v2\/posts\/182845\/revisions"}],"predecessor-version":[{"id":182847,"href":"https:\/\/www.caririemacao.com\/1\/wp-json\/wp\/v2\/posts\/182845\/revisions\/182847"}],"wp:featuredmedia":[{"embeddable":true,"href":"https:\/\/www.caririemacao.com\/1\/wp-json\/wp\/v2\/media\/182846"}],"wp:attachment":[{"href":"https:\/\/www.caririemacao.com\/1\/wp-json\/wp\/v2\/media?parent=182845"}],"wp:term":[{"taxonomy":"category","embeddable":true,"href":"https:\/\/www.caririemacao.com\/1\/wp-json\/wp\/v2\/categories?post=182845"},{"taxonomy":"post_tag","embeddable":true,"href":"https:\/\/www.caririemacao.com\/1\/wp-json\/wp\/v2\/tags?post=182845"}],"curies":[{"name":"wp","href":"https:\/\/api.w.org\/{rel}","templated":true}]}}