{"id":182849,"date":"2020-08-10T08:30:24","date_gmt":"2020-08-10T11:30:24","guid":{"rendered":"https:\/\/www.caririemacao.com\/1\/?p=182849"},"modified":"2020-08-10T08:30:24","modified_gmt":"2020-08-10T11:30:24","slug":"presidente-do-stf-dias-toffoli-e-internado-mais-uma-vez-agora-com-pneumonite-alergica","status":"publish","type":"post","link":"https:\/\/www.caririemacao.com\/1\/2020\/08\/10\/presidente-do-stf-dias-toffoli-e-internado-mais-uma-vez-agora-com-pneumonite-alergica\/","title":{"rendered":"Presidente do STF, Dias Toffoli \u00e9 internado mais uma vez, agora com pneumonite al\u00e9rgica"},"content":{"rendered":"\n<h3 class=\"wp-block-heading\"><\/h3>\n\n\n\n<hr class=\"wp-block-separator\"\/>\n\n\n\n<p><ins><\/ins><\/p>\n\n\n\n<p>O presidente do&nbsp;<strong>Supremo Tribunal Federal (STF)<\/strong>, ministro Dias Toffoli, foi internado nesse domingo (9) no Hospital DFStar, em Bras\u00edlia, com uma pneumonite al\u00e9rgica, informa a CNN Brasil. A pneumonite \u00e9 um tipo de inflama\u00e7\u00e3o pulmonar causada geralmente por inala\u00e7\u00e3o de poeira.<\/p>\n\n\n\n<p>Segundo nota do STF, o ministro testou negativo para Covid-19. \u201cEmbora internado, passa bem e, a princ\u00edpio, n\u00e3o ficar\u00e1 de licen\u00e7a m\u00e9dica e continuar\u00e1 despachando\u201d, disse o comunicado.<\/p>\n\n\n\n<p>Esta \u00e9 a&nbsp;<a href=\"https:\/\/wscom.com.br\/toffoli-sofre-acidente-domestico-e-passa-por-exames-em-sao-paulo\/\"><strong>segunda vez em menos de um m\u00eas<\/strong><\/a>&nbsp;que o presidente do STF \u00e9 internado. Em 19 de julho, Toffoli ficou em observa\u00e7\u00e3o no hospital Vila Nova Star, em S\u00e3o Paulo, ap\u00f3s sofrer um corte leve na cabe\u00e7a ao cair em sua casa.<\/p>\n\n\n\n<p>Toffoli comanda a Corte at\u00e9 setembro, quando passar\u00e1 a presid\u00eancia do Supremo para o ministro Luiz Fux<\/p>\n","protected":false},"excerpt":{"rendered":"<p>O presidente do&nbsp;Supremo Tribunal Federal (STF), ministro Dias Toffoli, foi internado nesse domingo (9) no Hospital DFStar, em Bras\u00edlia, com uma pneumonite al\u00e9rgica, informa a&hellip; <\/p>\n","protected":false},"author":2,"featured_media":182850,"comment_status":"closed","ping_status":"closed","sticky":false,"template":"","format":"standard","meta":{"sfsi_plus_gutenberg_text_before_share":"","sfsi_plus_gutenberg_show_text_before_share":"","sfsi_plus_gutenberg_icon_type":"","sfsi_plus_gutenberg_icon_alignemt":"","sfsi_plus_gutenburg_max_per_row":"","footnotes":""},"categories":[50,2],"tags":[],"class_list":["post-182849","post","type-post","status-publish","format-standard","has-post-thumbnail","hentry","category-destaque","category-geral"],"_links":{"self":[{"href":"https:\/\/www.caririemacao.com\/1\/wp-json\/wp\/v2\/posts\/182849","targetHints":{"allow":["GET"]}}],"collection":[{"href":"https:\/\/www.caririemacao.com\/1\/wp-json\/wp\/v2\/posts"}],"about":[{"href":"https:\/\/www.caririemacao.com\/1\/wp-json\/wp\/v2\/types\/post"}],"author":[{"embeddable":true,"href":"https:\/\/www.caririemacao.com\/1\/wp-json\/wp\/v2\/users\/2"}],"replies":[{"embeddable":true,"href":"https:\/\/www.caririemacao.com\/1\/wp-json\/wp\/v2\/comments?post=182849"}],"version-history":[{"count":1,"href":"https:\/\/www.caririemacao.com\/1\/wp-json\/wp\/v2\/posts\/182849\/revisions"}],"predecessor-version":[{"id":182851,"href":"https:\/\/www.caririemacao.com\/1\/wp-json\/wp\/v2\/posts\/182849\/revisions\/182851"}],"wp:featuredmedia":[{"embeddable":true,"href":"https:\/\/www.caririemacao.com\/1\/wp-json\/wp\/v2\/media\/182850"}],"wp:attachment":[{"href":"https:\/\/www.caririemacao.com\/1\/wp-json\/wp\/v2\/media?parent=182849"}],"wp:term":[{"taxonomy":"category","embeddable":true,"href":"https:\/\/www.caririemacao.com\/1\/wp-json\/wp\/v2\/categories?post=182849"},{"taxonomy":"post_tag","embeddable":true,"href":"https:\/\/www.caririemacao.com\/1\/wp-json\/wp\/v2\/tags?post=182849"}],"curies":[{"name":"wp","href":"https:\/\/api.w.org\/{rel}","templated":true}]}}