{"id":182853,"date":"2020-08-10T08:40:24","date_gmt":"2020-08-10T11:40:24","guid":{"rendered":"https:\/\/www.caririemacao.com\/1\/?p=182853"},"modified":"2020-08-10T08:40:24","modified_gmt":"2020-08-10T11:40:24","slug":"advogado-de-lula-foco-e-anular-acoes-e-devolver-direitos-politicos","status":"publish","type":"post","link":"https:\/\/www.caririemacao.com\/1\/2020\/08\/10\/advogado-de-lula-foco-e-anular-acoes-e-devolver-direitos-politicos\/","title":{"rendered":"Advogado de Lula: \u201cFoco \u00e9 anular a\u00e7\u00f5es e devolver direitos pol\u00edticos\u201d"},"content":{"rendered":"\n<h3 class=\"wp-block-heading\"><\/h3>\n\n\n\n<hr class=\"wp-block-separator\"\/>\n\n\n\n<p><ins><\/ins><\/p>\n\n\n\n<p>A impress\u00e3o de ter come\u00e7ado a colher frutos de um trabalho longo na defesa de&nbsp;Luiz In\u00e1cio Lula da Silva&nbsp;se fez presente nesta semana entre os advogados do ex-presidente.<\/p>\n\n\n\n<p>Cristiano Zanin, que desde o in\u00edcio dos processos movidos pela&nbsp;Lava Jato&nbsp;de Curitiba trabalha na defesa de Lula, encarou as duas decis\u00f5es tomadas pelo&nbsp;Supremo Tribunal Federal (STF)&nbsp;como pequenas vit\u00f3rias.<\/p>\n\n\n\n<p>A primeira, refere-se ao acolhimento, por parte da Corte, do pedido de acesso ao acordo de leni\u00eancia firmado pela empreiteira Odebrecht. Outra decis\u00e3o foi a que excluiu a dela\u00e7\u00e3o feita pelo ex-ministro Antonio Palocci, do processo que apura a aquisi\u00e7\u00e3o de um terreno em S\u00e3o Paulo que seira destinado a constru\u00e7\u00e3o de um pr\u00e9dio do Instituto Lula e o aluguel de apartamento em S\u00e3o Bernardo. Essa dela\u00e7\u00e3o foi divulgada pelo ex-ministro Moro durante a campanha em 2018.<\/p>\n\n\n\n<p>No entanto, a vis\u00e3o de Zanin \u00e9 que esses posicionamentos mostram muito mais que o caminho escolhido de levantar a suspei\u00e7\u00e3o do ex-juiz&nbsp;Sergio Moro&nbsp;\u00e9 consistente.<\/p>\n\n\n\n<p>O objetivo agora, ele conta, \u00e9 anular todo processo que condenou Lula em segunda inst\u00e2ncia, resgatando seus direitos pol\u00edticos, suspensos por conta da&nbsp;Lei da Ficha Limpa. Com isso, Lula estaria apto para participar da disputa eleitoral em 2022 ao cargo de presidente da Rep\u00fablica.<\/p>\n\n\n\n<p>\u201cN\u00f3s temos a expectativa de que o habeas corpus da suspei\u00e7\u00e3o de Moro venha a ser julgado favoravelmente ao ex-presidente Lula. N\u00f3s reunimos provas indiscut\u00edveis de que ele n\u00e3o teve um julgamento justo e imparcial e isso deve, ao nosso ver, ser reconhecido pela Suprema Corte, para aplicar a consequ\u00eancia jur\u00eddica para que seja declarada a nulidade dos processo e tamb\u00e9m o restabelecimento dos direitos pol\u00edticos do presidente Lula\u201d, disse o advogado, em entrevista ao&nbsp;<strong>Metr\u00f3poles<\/strong>.<\/p>\n\n\n\n<p>Ao esperar um desfecho mais c\u00e9lere sobre a suspei\u00e7\u00e3o de Moro no STF, Zanin alega a idade do ex-presidente, 74 anos, e o fato de o julgamento j\u00e1 ter se iniciado, com os votos de dois dos ministros,&nbsp;Edson Fachin&nbsp;e&nbsp;C\u00e1rmen L\u00facia. Os dois votaram contra a tese da defesa.<\/p>\n\n\n\n<p>\u201cN\u00e3o tenho esse controle da pauta do STF. O que n\u00f3s pedimos e reiteramos \u00e9 que o julgando do m\u00e9rito seja conclu\u00eddo o mais breve poss\u00edvel. At\u00e9 porque, nesse caso, incidem prefer\u00eancias legais e regimentais. Legais, por exemplo, trata-se de um habeas corpus de pessoa maior de 70 anos. Regimental porque quando se tem um habeas corpus com julgamento j\u00e1 iniciado, ele tem prefer\u00eancia em rela\u00e7\u00e3o aos demais. O nosso pedido \u00e9 para que esse esse processo tenha o m\u00e9rito julgado o mais breve poss\u00edvel\u201d, destacou.<\/p>\n\n\n\n<p>Na sess\u00e3o do STF de ter\u00e7a-feira (4\/8), os ministros&nbsp;Gilmar Mendes&nbsp;e&nbsp;Ricardo Lewandowski&nbsp;atacaram a atua\u00e7\u00e3o de Moro nos processos da Lava Jato. Cr\u00edticos \u00e0 opera\u00e7\u00e3o, eles indicaram que devem votar pela suspei\u00e7\u00e3o do ex-ministro.<\/p>\n\n\n\n<h5 class=\"wp-block-heading\"><strong>Il\u00edcitos de Moro<\/strong><\/h5>\n\n\n\n<p>\u201cAo longo do tempo, al\u00e9m de afirmarmos que as acusa\u00e7\u00f5es feitas pela Lava Jato de Curitiba contra o ex-presidente Lula eram injustas e descabidas, n\u00f3s reunimos diversos elementos para refor\u00e7ar nossos argumentos\u201d, disse Zanin sobre as provas que teria em suas m\u00e3os.<\/p>\n\n\n\n<p>Ele listou v\u00e1rios momentos em que teriam ficado evidenciados os interesses do ex-juiz Sergio Moro na condena\u00e7\u00e3o de Lula. \u201cN\u00f3s mostramos, por exemplo, que o Moro agiu de forma arbitr\u00e1ria e il\u00edcita ao interceptar os nossos ramais telef\u00f4nicos para ouvir em tempo real as nossas conversas e se antecipar \u00e0s estrat\u00e9gias de defesa\u201d, afirmou.<\/p>\n\n\n\n<p>\u201cN\u00f3s provamos que Moro realizou uma condu\u00e7\u00e3o coercitiva ilegal contra Lula. Ele sabe que n\u00e3o havia amparo legal, j\u00e1 que Lula nunca tinha se recusado a depor\u201d, prosseguiu Zanin, lembrando as primeira condu\u00e7\u00e3o de Lula, em depoimento tomado no Aeroporto de Congonhas, em S\u00e3o Paulo, em uma opera\u00e7\u00e3o divulgada amplamente pela Lava Jato.<\/p>\n\n\n\n<p>Zanin prosseguiu: \u201cN\u00f3s mostramos que as acusa\u00e7\u00f5es e os processos da Lava Jato de Curitiba s\u00e3o fruto de uma coopera\u00e7\u00e3o ilegal com autoridades norte-americanas, antes mesmo da Vaza Jato. N\u00f3s apresentamos um v\u00eddeo em que o pr\u00f3prio procurador norte-americano admite que Departamento de Justi\u00e7a dos Estados Unidos ajudou a construir o caso do presidente Lula e ajudou a Lava Jato na condu\u00e7\u00e3o dos processo\u201d, disse, ainda.<\/p>\n\n\n\n<p>\u201cDepois, teve a ida do ent\u00e3o juiz Sergio Moro para o governo do presidente Bolsonaro, que foi eleito gra\u00e7as ao impedimento que o pr\u00f3prio Moro imp\u00f4s ao presidente Lula . Ent\u00e3o todos os nossos argumentos foram sendo depois amparados e refor\u00e7ados por fatos e provas ao longo do processo\u201d, defendeu.<\/p>\n\n\n\n<h5 class=\"wp-block-heading\"><strong>\u201cIncongru\u00eancia\u201d<\/strong><\/h5>\n\n\n\n<p>O advogado do ex-presidente vislumbra uma contradi\u00e7\u00e3o da Lava Jato em usar como \u201ccontexto\u201d de toda acusa\u00e7\u00e3o contra o ex-presidente um processo no qual ele foi absolvido pela Justi\u00e7a Federal em Bras\u00edlia.<\/p>\n\n\n\n<p>\u201cLula s\u00f3 foi condenado na Lava Jato de Curitiba. Uma senten\u00e7a do Moro e outra da ju\u00edza Gabriela Hardt, que n\u00f3s provamos, por per\u00edcia, que foi copiada da senten\u00e7a do Moro. Quando ele foi julgado fora da Lava Jato de Curitiba, at\u00e9 hoje, ele foi absolvido. Isso aconteceu no caso do quadrilh\u00e3o do PT, um caso que come\u00e7ou no STF e depois baixou para a 12a Vara Federal de Bras\u00edlia. Na verdade, essa era a acusa\u00e7\u00e3o central e \u00e9 o que a Lava Jato de Curitiba chama de contexto. S\u00f3 que, nesse caso, ele foi absolvido\u201d, apontou Zanin.<\/p>\n","protected":false},"excerpt":{"rendered":"<p>A impress\u00e3o de ter come\u00e7ado a colher frutos de um trabalho longo na defesa de&nbsp;Luiz In\u00e1cio Lula da Silva&nbsp;se fez presente nesta semana entre os&hellip; <\/p>\n","protected":false},"author":2,"featured_media":182854,"comment_status":"closed","ping_status":"closed","sticky":false,"template":"","format":"standard","meta":{"sfsi_plus_gutenberg_text_before_share":"","sfsi_plus_gutenberg_show_text_before_share":"","sfsi_plus_gutenberg_icon_type":"","sfsi_plus_gutenberg_icon_alignemt":"","sfsi_plus_gutenburg_max_per_row":"","footnotes":""},"categories":[50,2],"tags":[],"class_list":["post-182853","post","type-post","status-publish","format-standard","has-post-thumbnail","hentry","category-destaque","category-geral"],"_links":{"self":[{"href":"https:\/\/www.caririemacao.com\/1\/wp-json\/wp\/v2\/posts\/182853","targetHints":{"allow":["GET"]}}],"collection":[{"href":"https:\/\/www.caririemacao.com\/1\/wp-json\/wp\/v2\/posts"}],"about":[{"href":"https:\/\/www.caririemacao.com\/1\/wp-json\/wp\/v2\/types\/post"}],"author":[{"embeddable":true,"href":"https:\/\/www.caririemacao.com\/1\/wp-json\/wp\/v2\/users\/2"}],"replies":[{"embeddable":true,"href":"https:\/\/www.caririemacao.com\/1\/wp-json\/wp\/v2\/comments?post=182853"}],"version-history":[{"count":1,"href":"https:\/\/www.caririemacao.com\/1\/wp-json\/wp\/v2\/posts\/182853\/revisions"}],"predecessor-version":[{"id":182855,"href":"https:\/\/www.caririemacao.com\/1\/wp-json\/wp\/v2\/posts\/182853\/revisions\/182855"}],"wp:featuredmedia":[{"embeddable":true,"href":"https:\/\/www.caririemacao.com\/1\/wp-json\/wp\/v2\/media\/182854"}],"wp:attachment":[{"href":"https:\/\/www.caririemacao.com\/1\/wp-json\/wp\/v2\/media?parent=182853"}],"wp:term":[{"taxonomy":"category","embeddable":true,"href":"https:\/\/www.caririemacao.com\/1\/wp-json\/wp\/v2\/categories?post=182853"},{"taxonomy":"post_tag","embeddable":true,"href":"https:\/\/www.caririemacao.com\/1\/wp-json\/wp\/v2\/tags?post=182853"}],"curies":[{"name":"wp","href":"https:\/\/api.w.org\/{rel}","templated":true}]}}