{"id":182865,"date":"2020-08-10T08:54:13","date_gmt":"2020-08-10T11:54:13","guid":{"rendered":"https:\/\/www.caririemacao.com\/1\/?p=182865"},"modified":"2020-08-10T08:54:13","modified_gmt":"2020-08-10T11:54:13","slug":"governo-estuda-manter-auxilio-emergencial-com-valor-menor-ate-marco","status":"publish","type":"post","link":"https:\/\/www.caririemacao.com\/1\/2020\/08\/10\/governo-estuda-manter-auxilio-emergencial-com-valor-menor-ate-marco\/","title":{"rendered":"Governo estuda manter aux\u00edlio emergencial com valor menor at\u00e9 mar\u00e7o"},"content":{"rendered":"\n<h1 class=\"wp-block-heading\"><\/h1>\n\n\n\n<p>O governo estuda prorrogar o pagamento do aux\u00edlio emergencial at\u00e9 mar\u00e7o de 2021. A ideia \u00e9 que o benef\u00edcio, que atualmente \u00e9 de&nbsp;R$ 600, seja reduzido para um valor entre R$ 200 ou R$ 300.&nbsp;<\/p>\n\n\n\n<p>A medida de estender o aux\u00edlio \u00e9 vista com ressalvas pelo Minist\u00e9rio da Economia e precisa ser votada pelo Congresso.<\/p>\n\n\n\n<p>O pagamento do aux\u00edlio emergencial est\u00e1 garantido at\u00e9 agosto com a quinta parcela, e o governo avalia eventuais consequ\u00eancias pol\u00edticas na popularidade do presidente Jair Bolsonaro (sem partido) caso ele seja extinto, sem uma alternativa vi\u00e1vel.&nbsp;<\/p>\n\n\n\n<p>Sem a clareza sobre a dura\u00e7\u00e3o da pandemia, estudos para definir a extens\u00e3o do aux\u00edlio j\u00e1 est\u00e3o em curso.<\/p>\n\n\n\n<p>De acordo com especialistas, a&nbsp;extens\u00e3o do aux\u00edlio emergencial seria uma forma de compensar um atraso no Renda Brasil, o grande programa social do governo Bolsonaro. Segundo o Uol, o&nbsp;governo n\u00e3o deve concluir t\u00e3o rapidamente quando gostaria os projetos e adequa\u00e7\u00f5es de sistemas para criar o Renda Brasil, que deve unificar o Bolsa-Fam\u00edlia, o abono salarial, o sal\u00e1rio-fam\u00edlia e o seguro defeso. A ideia \u00e9 criar uma marca social para Bolsonaro porque o Bolsa-Fam\u00edlia \u00e9 uma heran\u00e7a do PT.<\/p>\n\n\n\n<p>A redu\u00e7\u00e3o do valor do aux\u00edlio depende de aprova\u00e7\u00e3o do Congresso porque o valor de R$ 600 est\u00e1 previsto em lei. Al\u00e9m disso, para ser estendido at\u00e9 mar\u00e7o, o decreto que definiu o estado de calamidade precisaria ser renovado. A norma vence em dezembro e seria necess\u00e1ria uma nova vota\u00e7\u00e3o na C\u00e2mara dos Deputados e no Senado Federal.<\/p>\n\n\n\n<p>A extens\u00e3o da validade do decreto \u00e9 necess\u00e1ria para que o governo n\u00e3o descumpra o teto de gastos e a lei de responsabilidade fiscal. Se as normas forem violadas, o Executivo pode cometer um crime de responsabilidade.<\/p>\n\n\n\n<p>Com a eventual prorroga\u00e7\u00e3o do estado de calamidade, o governo poderia obter o dinheiro com emiss\u00e3o de d\u00edvida, colocando&nbsp;t\u00edtulos \u00e0 venda para investidores, que compram pap\u00e9is do governo esperando retorno no futuro (na pr\u00e1tica, emprestam dinheiro agora ao governo para lucrar com os juros que ser\u00e3o pagos).<\/p>\n\n\n\n<p>Auxiliares do ministro da Economia,&nbsp;Paulo Guedes, afirmaram reservadamente ao&nbsp;UOL&nbsp;que h\u00e1 o temor de que a renova\u00e7\u00e3o do aux\u00edlio, mesmo em um valor menor, passe a mensagem errada aos investidores.<\/p>\n\n\n\n<p>Entretanto, admitem que a decis\u00e3o de estender o pagamento do aux\u00edlio \u00e9 pol\u00edtica. &#8220;A proximidade das elei\u00e7\u00f5es municipais e para as presid\u00eancias da C\u00e2mara e do Senado pode ter um peso na decis\u00e3o do governo. Os candidatos podem usar o aux\u00edlio para impulsionar candidaturas e fortalecer a presen\u00e7a de bolsonaristas nas diversas cidades do pa\u00eds&#8221;, declarou um assessor do ministro da Economia.<\/p>\n","protected":false},"excerpt":{"rendered":"<p>O governo estuda prorrogar o pagamento do aux\u00edlio emergencial at\u00e9 mar\u00e7o de 2021. A ideia \u00e9 que o benef\u00edcio, que atualmente \u00e9 de&nbsp;R$ 600, seja&hellip; <\/p>\n","protected":false},"author":2,"featured_media":182866,"comment_status":"closed","ping_status":"closed","sticky":false,"template":"","format":"standard","meta":{"sfsi_plus_gutenberg_text_before_share":"","sfsi_plus_gutenberg_show_text_before_share":"","sfsi_plus_gutenberg_icon_type":"","sfsi_plus_gutenberg_icon_alignemt":"","sfsi_plus_gutenburg_max_per_row":"","footnotes":""},"categories":[11],"tags":[],"class_list":["post-182865","post","type-post","status-publish","format-standard","has-post-thumbnail","hentry","category-politica"],"_links":{"self":[{"href":"https:\/\/www.caririemacao.com\/1\/wp-json\/wp\/v2\/posts\/182865","targetHints":{"allow":["GET"]}}],"collection":[{"href":"https:\/\/www.caririemacao.com\/1\/wp-json\/wp\/v2\/posts"}],"about":[{"href":"https:\/\/www.caririemacao.com\/1\/wp-json\/wp\/v2\/types\/post"}],"author":[{"embeddable":true,"href":"https:\/\/www.caririemacao.com\/1\/wp-json\/wp\/v2\/users\/2"}],"replies":[{"embeddable":true,"href":"https:\/\/www.caririemacao.com\/1\/wp-json\/wp\/v2\/comments?post=182865"}],"version-history":[{"count":1,"href":"https:\/\/www.caririemacao.com\/1\/wp-json\/wp\/v2\/posts\/182865\/revisions"}],"predecessor-version":[{"id":182867,"href":"https:\/\/www.caririemacao.com\/1\/wp-json\/wp\/v2\/posts\/182865\/revisions\/182867"}],"wp:featuredmedia":[{"embeddable":true,"href":"https:\/\/www.caririemacao.com\/1\/wp-json\/wp\/v2\/media\/182866"}],"wp:attachment":[{"href":"https:\/\/www.caririemacao.com\/1\/wp-json\/wp\/v2\/media?parent=182865"}],"wp:term":[{"taxonomy":"category","embeddable":true,"href":"https:\/\/www.caririemacao.com\/1\/wp-json\/wp\/v2\/categories?post=182865"},{"taxonomy":"post_tag","embeddable":true,"href":"https:\/\/www.caririemacao.com\/1\/wp-json\/wp\/v2\/tags?post=182865"}],"curies":[{"name":"wp","href":"https:\/\/api.w.org\/{rel}","templated":true}]}}